{"id":8886,"date":"2022-03-21T18:55:41","date_gmt":"2022-03-21T17:55:41","guid":{"rendered":"http:\/\/www.sp1wschowa.pl\/?p=8886"},"modified":"2022-03-22T18:38:12","modified_gmt":"2022-03-22T17:38:12","slug":"kazdy-ma-swoj-everest","status":"publish","type":"post","link":"https:\/\/www.sp1wschowa.pl\/?p=8886","title":{"rendered":"Ka\u017cdy ma sw\u00f3j Everest."},"content":{"rendered":"<p style=\"text-align: justify;\"><span style=\"font-family: tahoma, arial, helvetica, sans-serif;\"><img loading=\"lazy\" decoding=\"async\" class=\"alignleft size-medium wp-image-8888\" src=\"http:\/\/www.sp1wschowa.pl\/wp-content\/uploads\/2022\/03\/ev01-225x300.jpg\" alt=\"\" width=\"225\" height=\"300\" srcset=\"https:\/\/www.sp1wschowa.pl\/wp-content\/uploads\/2022\/03\/ev01-225x300.jpg 225w, https:\/\/www.sp1wschowa.pl\/wp-content\/uploads\/2022\/03\/ev01.jpg 240w\" sizes=\"auto, (max-width: 225px) 100vw, 225px\" \/><\/span><\/p>\n<p>&nbsp;<\/p>\n<p style=\"text-align: justify;\"><span style=\"font-family: tahoma, arial, helvetica, sans-serif;\">Rok 2022 zosta\u0142 uchwalony przez Sejm Rzeczpospolitej Polskiej Rokiem Wandy Rutkiewicz. W zwi\u0105zku z tym biblioteka szkolna, w ramach lekcji wychowawczych, przeprowadzi\u0142a projekt dla uczni\u00f3w klas IV- VIII pod tytu\u0142em &#8222;Ka\u017cdy ma sw\u00f3j Everest&#8221;. Uczniowie na lekcjach poznali biografi\u0119 himalaistki oraz ksi\u0105\u017cki o tematyce podr\u00f3\u017cniczej. Celem zaj\u0119\u0107 by\u0142o zwr\u00f3cenie uwagi uczestnik\u00f3w na znaczenie pasji i marze\u0144 w \u017cyciu cz\u0142owieka oraz wywo\u0142anie u uczni\u00f3w refleksji na temat w\u0142asnych marze\u0144 i sposob\u00f3w ich realizacji.<\/span><br \/>\n<span style=\"font-family: tahoma, arial, helvetica, sans-serif;\">Dzi\u0119kujemy wychowawcom za w\u0142\u0105czenie si\u0119 do projektu.<\/span><\/p>\n","protected":false},"excerpt":{"rendered":"<p>&nbsp; Rok 2022 zosta\u0142 uchwalony przez Sejm Rzeczpospolitej Polskiej Rokiem Wandy Rutkiewicz. W zwi\u0105zku z tym biblioteka szkolna, w ramach lekcji wychowawczych, przeprowadzi\u0142a projekt dla uczni\u00f3w klas IV- VIII pod tytu\u0142em &#8222;Ka\u017cdy ma sw\u00f3j Everest&#8221;. Uczniowie na lekcjach poznali biografi\u0119 himalaistki oraz ksi\u0105\u017cki o tematyce podr\u00f3\u017cniczej. Celem zaj\u0119\u0107 by\u0142o zwr\u00f3cenie uwagi uczestnik\u00f3w na znaczenie pasji [&hellip;]<\/p>\n","protected":false},"author":2,"featured_media":0,"comment_status":"closed","ping_status":"closed","sticky":false,"template":"","format":"standard","meta":{"footnotes":""},"categories":[40],"tags":[],"class_list":["post-8886","post","type-post","status-publish","format-standard","hentry","category-tak-sie-uczymy-2021-2022"],"_links":{"self":[{"href":"https:\/\/www.sp1wschowa.pl\/index.php?rest_route=\/wp\/v2\/posts\/8886","targetHints":{"allow":["GET"]}}],"collection":[{"href":"https:\/\/www.sp1wschowa.pl\/index.php?rest_route=\/wp\/v2\/posts"}],"about":[{"href":"https:\/\/www.sp1wschowa.pl\/index.php?rest_route=\/wp\/v2\/types\/post"}],"author":[{"embeddable":true,"href":"https:\/\/www.sp1wschowa.pl\/index.php?rest_route=\/wp\/v2\/users\/2"}],"replies":[{"embeddable":true,"href":"https:\/\/www.sp1wschowa.pl\/index.php?rest_route=%2Fwp%2Fv2%2Fcomments&post=8886"}],"version-history":[{"count":4,"href":"https:\/\/www.sp1wschowa.pl\/index.php?rest_route=\/wp\/v2\/posts\/8886\/revisions"}],"predecessor-version":[{"id":8891,"href":"https:\/\/www.sp1wschowa.pl\/index.php?rest_route=\/wp\/v2\/posts\/8886\/revisions\/8891"}],"wp:attachment":[{"href":"https:\/\/www.sp1wschowa.pl\/index.php?rest_route=%2Fwp%2Fv2%2Fmedia&parent=8886"}],"wp:term":[{"taxonomy":"category","embeddable":true,"href":"https:\/\/www.sp1wschowa.pl\/index.php?rest_route=%2Fwp%2Fv2%2Fcategories&post=8886"},{"taxonomy":"post_tag","embeddable":true,"href":"https:\/\/www.sp1wschowa.pl\/index.php?rest_route=%2Fwp%2Fv2%2Ftags&post=8886"}],"curies":[{"name":"wp","href":"https:\/\/api.w.org\/{rel}","templated":true}]}}