{"id":7584,"date":"2021-08-30T16:55:17","date_gmt":"2021-08-30T14:55:17","guid":{"rendered":"http:\/\/www.sp1wschowa.pl\/?p=7584"},"modified":"2021-08-30T17:41:42","modified_gmt":"2021-08-30T15:41:42","slug":"rozpoczecie-roku-szkolnego-2021-2022","status":"publish","type":"post","link":"https:\/\/www.sp1wschowa.pl\/?p=7584","title":{"rendered":"Rozpocz\u0119cie roku szkolnego 2021\/2022"},"content":{"rendered":"<p><span style=\"font-family: tahoma, arial, helvetica, sans-serif;\">Szanowni Pa\u0144stwo<\/span><br \/>\n<span style=\"font-family: tahoma, arial, helvetica, sans-serif;\">Uroczyste rozpocz\u0119cie roku szkolnego odb\u0119dzie si\u0119 w \u015brod\u0119 1 wrze\u015bnia 2021 r.<\/span><\/p>\n<p><span style=\"font-family: tahoma, arial, helvetica, sans-serif;\"><strong>Godz. 8.30<\/strong> \u2013 klasy 1a, b, c &#8211; plac apelowy (w razie niepogody sala gimnastyczna)<\/span><br \/>\n<span style=\"font-family: tahoma, arial, helvetica, sans-serif;\"><strong>Godz. 9.00<\/strong> \u2013 klasy 2b, 2c, 4a, 4b, 4c &#8211; spotkanie z wychowawc\u0105 przed g\u0142\u00f3wnym wej\u015bciem do szko\u0142y i wsp\u00f3lne przej\u015bcie do klas<\/span><br \/>\n<span style=\"font-family: tahoma, arial, helvetica, sans-serif;\"><strong>Godz. 9.30<\/strong> \u2013 klasy 4d, 5a, 5b, 5c, 6a, 7a &#8211; spotkanie z wychowawcami na placu apelowym i wsp\u00f3lne wej\u015bcie do klas<\/span><br \/>\n<span style=\"font-family: tahoma, arial, helvetica, sans-serif;\"><strong>Godz. 10.00<\/strong> \u2013 klasy 2a, 3a, 3b, 3c, 7b, 7c &#8211; spotkanie z wychowawcami na placu apelowym i wsp\u00f3lne wej\u015bcie do klas<\/span><br \/>\n<span style=\"font-family: tahoma, arial, helvetica, sans-serif;\"><strong>Godz. 10.30<\/strong> \u2013 klasy 7d, 7e, 8a, 8b, 8c, 8d &#8211; spotkanie z wychowawc\u0105 na placu apelowym i wsp\u00f3lne przej\u015bcie do klas<\/span><br \/>\n<span style=\"font-family: tahoma, arial, helvetica, sans-serif; color: #ff0000;\">Przychodzimy na spotkanie punktualnie o wyznaczonej porze.<\/span><br \/>\n<span style=\"font-family: tahoma, arial, helvetica, sans-serif; color: #ff0000;\">Z uczniem mo\u017ce przyj\u015b\u0107 jeden rodzic.<\/span><\/p>\n<p><strong><span style=\"font-family: tahoma, arial, helvetica, sans-serif;\">Autobusy 1 IX 2021<\/span><\/strong><br \/>\n<span style=\"font-family: tahoma, arial, helvetica, sans-serif;\">7.00 \u2013 wyjazd z PKS<\/span><br \/>\n<span style=\"font-family: tahoma, arial, helvetica, sans-serif;\">11.00 \u2013 odjazd z zatoczki przy policji<\/span><br \/>\n<span style=\"font-family: tahoma, arial, helvetica, sans-serif;\">Zasady sanitarne:<\/span><br \/>\n<span style=\"font-family: tahoma, arial, helvetica, sans-serif;\">&#8211; zakrywamy nos i usta oraz zachowujemy dystans spo\u0142eczny<\/span><br \/>\n<span style=\"font-family: tahoma, arial, helvetica, sans-serif;\">&#8211; przed wej\u015bciem do szko\u0142y dezynfekujemy r\u0119ce<\/span><br \/>\n<span style=\"font-family: tahoma, arial, helvetica, sans-serif;\">&#8211; unikamy po\u017cyczania sobie przybor\u00f3w szkolnych<\/span><br \/>\n<strong><span style=\"font-family: tahoma, arial, helvetica, sans-serif;\">Do szko\u0142y mog\u0105 wej\u015b\u0107 wy\u0142\u0105cznie dzieci zdrowe, bez objaw\u00f3w chorobowych sugeruj\u0105cych infekcj\u0119 dr\u00f3g oddechowych oraz takie, kt\u00f3rych wsp\u00f3\u0142mieszka\u0144cy nie przebywaj\u0105 na kwarantannie!<\/span><\/strong><\/p>\n","protected":false},"excerpt":{"rendered":"<p>Szanowni Pa\u0144stwo Uroczyste rozpocz\u0119cie roku szkolnego odb\u0119dzie si\u0119 w \u015brod\u0119 1 wrze\u015bnia 2021 r. Godz. 8.30 \u2013 klasy 1a, b, c &#8211; plac apelowy (w razie niepogody sala gimnastyczna) Godz. 9.00 \u2013 klasy 2b, 2c, 4a, 4b, 4c &#8211; spotkanie z wychowawc\u0105 przed g\u0142\u00f3wnym wej\u015bciem do szko\u0142y i wsp\u00f3lne przej\u015bcie do klas Godz. 9.30 \u2013 [&hellip;]<\/p>\n","protected":false},"author":2,"featured_media":0,"comment_status":"closed","ping_status":"closed","sticky":false,"template":"","format":"standard","meta":{"footnotes":""},"categories":[39,40],"tags":[],"class_list":["post-7584","post","type-post","status-publish","format-standard","hentry","category-aktualnosci-2021-2022","category-tak-sie-uczymy-2021-2022"],"_links":{"self":[{"href":"https:\/\/www.sp1wschowa.pl\/index.php?rest_route=\/wp\/v2\/posts\/7584","targetHints":{"allow":["GET"]}}],"collection":[{"href":"https:\/\/www.sp1wschowa.pl\/index.php?rest_route=\/wp\/v2\/posts"}],"about":[{"href":"https:\/\/www.sp1wschowa.pl\/index.php?rest_route=\/wp\/v2\/types\/post"}],"author":[{"embeddable":true,"href":"https:\/\/www.sp1wschowa.pl\/index.php?rest_route=\/wp\/v2\/users\/2"}],"replies":[{"embeddable":true,"href":"https:\/\/www.sp1wschowa.pl\/index.php?rest_route=%2Fwp%2Fv2%2Fcomments&post=7584"}],"version-history":[{"count":3,"href":"https:\/\/www.sp1wschowa.pl\/index.php?rest_route=\/wp\/v2\/posts\/7584\/revisions"}],"predecessor-version":[{"id":7588,"href":"https:\/\/www.sp1wschowa.pl\/index.php?rest_route=\/wp\/v2\/posts\/7584\/revisions\/7588"}],"wp:attachment":[{"href":"https:\/\/www.sp1wschowa.pl\/index.php?rest_route=%2Fwp%2Fv2%2Fmedia&parent=7584"}],"wp:term":[{"taxonomy":"category","embeddable":true,"href":"https:\/\/www.sp1wschowa.pl\/index.php?rest_route=%2Fwp%2Fv2%2Fcategories&post=7584"},{"taxonomy":"post_tag","embeddable":true,"href":"https:\/\/www.sp1wschowa.pl\/index.php?rest_route=%2Fwp%2Fv2%2Ftags&post=7584"}],"curies":[{"name":"wp","href":"https:\/\/api.w.org\/{rel}","templated":true}]}}