{"id":5068,"date":"2020-06-05T13:58:56","date_gmt":"2020-06-05T11:58:56","guid":{"rendered":"http:\/\/www.sp1wschowa.pl\/?p=5068"},"modified":"2020-06-05T14:11:23","modified_gmt":"2020-06-05T12:11:23","slug":"projekt-historyczny-na-75-rocznice-zakonczenia-ii-wojny-swiatowej","status":"publish","type":"post","link":"https:\/\/www.sp1wschowa.pl\/?p=5068","title":{"rendered":"Projekt historyczny na 75. rocznic\u0119 zako\u0144czenia II wojny \u015bwiatowej."},"content":{"rendered":"<p style=\"text-align: justify;\"><span style=\"font-family: tahoma, arial, helvetica, sans-serif;\"><img loading=\"lazy\" decoding=\"async\" class=\"size-medium wp-image-5067 alignleft\" src=\"http:\/\/www.sp1wschowa.pl\/wp-content\/uploads\/2020\/06\/foto-300x127.jpg\" alt=\"\" width=\"300\" height=\"127\" srcset=\"https:\/\/www.sp1wschowa.pl\/wp-content\/uploads\/2020\/06\/foto-300x127.jpg 300w, https:\/\/www.sp1wschowa.pl\/wp-content\/uploads\/2020\/06\/foto-1024x432.jpg 1024w, https:\/\/www.sp1wschowa.pl\/wp-content\/uploads\/2020\/06\/foto-768x324.jpg 768w, https:\/\/www.sp1wschowa.pl\/wp-content\/uploads\/2020\/06\/foto-1536x648.jpg 1536w, https:\/\/www.sp1wschowa.pl\/wp-content\/uploads\/2020\/06\/foto.jpg 1920w\" sizes=\"auto, (max-width: 300px) 100vw, 300px\" \/>8 maja 1945 roku zako\u0144czy\u0142a si\u0119 II wojna \u015bwiatowa w Europie. Ofensywa sowiecka, trwaj\u0105ca od po\u0142owy 1944 roku, zmusi\u0142a w ko\u0144cu Niemc\u00f3w do kapitulacji. Podpisany akt bezwarunkowej kapitulacji Niemiec definitywnie ko\u0144czy\u0142 dzia\u0142ania wojenne.<\/span><\/p>\n<p>&nbsp;<\/p>\n<p style=\"text-align: justify;\"><span style=\"font-family: tahoma, arial, helvetica, sans-serif;\">W zwi\u0105zku z 75. rocznic\u0105 zako\u0144czenia II wojny \u015bwiatowej uczniowie klas VIII pod kierunkiem pani Marii S<span class=\"text_exposed_show\">oboty przygotowali prezentacje na temat m.in kampanii wrze\u015bniowej.<\/span><\/span><\/p>\n<p><a title=\"Prezentacja 1\" href=\"http:\/\/www.sp1wschowa.pl\/wp-content\/uploads\/2020\/06\/Prezentacja1.pdf\" target=\"_blank\" rel=\"noopener noreferrer\"><img loading=\"lazy\" decoding=\"async\" class=\"alignnone size-full wp-image-5074\" src=\"http:\/\/www.sp1wschowa.pl\/wp-content\/uploads\/2020\/06\/pdf.jpg\" alt=\"\" width=\"110\" height=\"110\" \/><\/a> \u00a0 <a title=\"Prezentacja 2\" href=\"http:\/\/www.sp1wschowa.pl\/wp-content\/uploads\/2020\/06\/Prezentacja2.pdf\" target=\"_blank\" rel=\"noopener noreferrer\"><img loading=\"lazy\" decoding=\"async\" class=\"alignnone size-full wp-image-5074\" src=\"http:\/\/www.sp1wschowa.pl\/wp-content\/uploads\/2020\/06\/pdf.jpg\" alt=\"\" width=\"110\" height=\"110\" \/><\/a> \u00a0 <a title=\"Prezenatacja 3\" href=\"http:\/\/www.sp1wschowa.pl\/wp-content\/uploads\/2020\/06\/Prezentacja3.pdf\" target=\"_blank\" rel=\"noopener noreferrer\"><img loading=\"lazy\" decoding=\"async\" class=\"alignnone size-full wp-image-5074\" src=\"http:\/\/www.sp1wschowa.pl\/wp-content\/uploads\/2020\/06\/pdf.jpg\" alt=\"\" width=\"110\" height=\"110\" \/><\/a><\/p>\n","protected":false},"excerpt":{"rendered":"<p>8 maja 1945 roku zako\u0144czy\u0142a si\u0119 II wojna \u015bwiatowa w Europie. Ofensywa sowiecka, trwaj\u0105ca od po\u0142owy 1944 roku, zmusi\u0142a w ko\u0144cu Niemc\u00f3w do kapitulacji. Podpisany akt bezwarunkowej kapitulacji Niemiec definitywnie ko\u0144czy\u0142 dzia\u0142ania wojenne. &nbsp; W zwi\u0105zku z 75. rocznic\u0105 zako\u0144czenia II wojny \u015bwiatowej uczniowie klas VIII pod kierunkiem pani Marii Soboty przygotowali prezentacje na temat [&hellip;]<\/p>\n","protected":false},"author":2,"featured_media":0,"comment_status":"closed","ping_status":"closed","sticky":false,"template":"","format":"standard","meta":{"footnotes":""},"categories":[29],"tags":[],"class_list":["post-5068","post","type-post","status-publish","format-standard","hentry","category-zdalne-nauczanie"],"_links":{"self":[{"href":"https:\/\/www.sp1wschowa.pl\/index.php?rest_route=\/wp\/v2\/posts\/5068","targetHints":{"allow":["GET"]}}],"collection":[{"href":"https:\/\/www.sp1wschowa.pl\/index.php?rest_route=\/wp\/v2\/posts"}],"about":[{"href":"https:\/\/www.sp1wschowa.pl\/index.php?rest_route=\/wp\/v2\/types\/post"}],"author":[{"embeddable":true,"href":"https:\/\/www.sp1wschowa.pl\/index.php?rest_route=\/wp\/v2\/users\/2"}],"replies":[{"embeddable":true,"href":"https:\/\/www.sp1wschowa.pl\/index.php?rest_route=%2Fwp%2Fv2%2Fcomments&post=5068"}],"version-history":[{"count":8,"href":"https:\/\/www.sp1wschowa.pl\/index.php?rest_route=\/wp\/v2\/posts\/5068\/revisions"}],"predecessor-version":[{"id":5081,"href":"https:\/\/www.sp1wschowa.pl\/index.php?rest_route=\/wp\/v2\/posts\/5068\/revisions\/5081"}],"wp:attachment":[{"href":"https:\/\/www.sp1wschowa.pl\/index.php?rest_route=%2Fwp%2Fv2%2Fmedia&parent=5068"}],"wp:term":[{"taxonomy":"category","embeddable":true,"href":"https:\/\/www.sp1wschowa.pl\/index.php?rest_route=%2Fwp%2Fv2%2Fcategories&post=5068"},{"taxonomy":"post_tag","embeddable":true,"href":"https:\/\/www.sp1wschowa.pl\/index.php?rest_route=%2Fwp%2Fv2%2Ftags&post=5068"}],"curies":[{"name":"wp","href":"https:\/\/api.w.org\/{rel}","templated":true}]}}