{"id":4961,"date":"2020-05-09T09:25:55","date_gmt":"2020-05-09T07:25:55","guid":{"rendered":"http:\/\/www.sp1wschowa.pl\/?p=4961"},"modified":"2020-05-09T09:36:26","modified_gmt":"2020-05-09T07:36:26","slug":"dzien-unii-europejskiej","status":"publish","type":"post","link":"https:\/\/www.sp1wschowa.pl\/?p=4961","title":{"rendered":"Dzie\u0144 Unii Europejskiej"},"content":{"rendered":"<p style=\"text-align: justify;\"><span style=\"font-family: tahoma, arial, helvetica, sans-serif;\">\u015awi\u0119to europejskich pa\u0144stw, kt\u00f3re obchodzone jest 9 maja. <span class=\"_5mfr\"><span class=\"_6qdm\">??<\/span><\/span><span class=\"_5mfr\"><span class=\"_6qdm\">??<\/span><\/span><span class=\"_5mfr\"><span class=\"_6qdm\">??<\/span><\/span><span class=\"_5mfr\"><span class=\"_6qdm\">??<\/span><\/span><span class=\"_5mfr\"><span class=\"_6qdm\">??<\/span><\/span><span class=\"_5mfr\"><span class=\"_6qdm\">??<\/span><\/span><span class=\"_5mfr\"><span class=\"_6qdm\">??<\/span><\/span><span class=\"_5mfr\"><span class=\"_6qdm\">??<\/span><\/span><span class=\"_5mfr\"><span class=\"_6qdm\">??<\/span><\/span><span class=\"_5mfr\"><span class=\"_6qdm\">??<\/span><\/span><span class=\"_5mfr\"><span class=\"_6qdm\">??<\/span><\/span><span class=\"_5mfr\"><span class=\"_6qdm\">??<\/span><\/span><span class=\"_5mfr\"><span class=\"_6qdm\">??<\/span><\/span><span class=\"_5mfr\"><span class=\"_6qdm\">??<\/span><\/span><span class=\"_5mfr\"><span class=\"_6qdm\">??<\/span><\/span><span class=\"_5mfr\"><span class=\"_6qdm\">?? <\/span><\/span>W krajach, kt\u00f3re s\u0105 cz\u0142onkami Rady Europy, a nie s\u0105 cz\u0142onkami Unii Europejskiej, preferowane jest obchodzenie Dnia Europy 5 maja. <\/span><span style=\"font-family: tahoma, arial, helvetica, sans-serif;\">Dzie\u0144 9 maja jest oficjalnym symbolem Unii Europejskiej. Zosta\u0142 ustanowiony w rocznic\u0119 przedstawienia planu utworzenia Europejskiej Wsp\u00f3lnoty W\u0119gla i Stali (znanego jako Plan Schumana) przez Roberta Schumana 9 maja 1950. Dzie\u0144 ten c<span class=\"text_exposed_show\">zasami, dla odr\u00f3\u017cnienia od Dnia Rady Europy, nazywany jest Dniem Unii Europejskiej.<\/span><\/span><\/p>\n<div class=\"text_exposed_show\">\n<p style=\"text-align: justify;\"><span style=\"font-family: tahoma, arial, helvetica, sans-serif;\">Uczniowie Szko\u0142y Podstawowej nr 1 we Wschowie z klas I \u2013 III na j\u0119zyku angielskim mieli za zadanie odszuka\u0107 informacje na temat tego, ile pa\u0144stw wchodzi w sk\u0142ad Unii Europejskiej, wybra\u0107 flag\u0119 jednego z tych pa\u0144stw i j\u0105 wykona\u0107. Efekty s\u0105 zadziwiaj\u0105ce. Bardzo dzi\u0119kujemy uczniom,kt\u00f3rzy nades\u0142ali swoje prace.<\/span><\/p>\n<p><iframe loading=\"lazy\" title=\"UE -  Bardzo dzi\u0119kujemy uczniom,kt\u00f3rzy nades\u0142ali swoje prace. SP1 Wschowa\" width=\"500\" height=\"375\" src=\"https:\/\/www.youtube.com\/embed\/hQ6zBnamRck?feature=oembed\" frameborder=\"0\" allow=\"accelerometer; autoplay; clipboard-write; encrypted-media; gyroscope; picture-in-picture; web-share\" referrerpolicy=\"strict-origin-when-cross-origin\" allowfullscreen><\/iframe><\/p>\n<\/div>\n","protected":false},"excerpt":{"rendered":"<p>\u015awi\u0119to europejskich pa\u0144stw, kt\u00f3re obchodzone jest 9 maja. ???????????????????????????????? W krajach, kt\u00f3re s\u0105 cz\u0142onkami Rady Europy, a nie s\u0105 cz\u0142onkami Unii Europejskiej, preferowane jest obchodzenie Dnia Europy 5 maja. Dzie\u0144 9 maja jest oficjalnym symbolem Unii Europejskiej. Zosta\u0142 ustanowiony w rocznic\u0119 przedstawienia planu utworzenia Europejskiej Wsp\u00f3lnoty W\u0119gla i Stali (znanego jako Plan Schumana) przez Roberta [&hellip;]<\/p>\n","protected":false},"author":2,"featured_media":0,"comment_status":"closed","ping_status":"closed","sticky":false,"template":"","format":"standard","meta":{"footnotes":""},"categories":[29],"tags":[],"class_list":["post-4961","post","type-post","status-publish","format-standard","hentry","category-zdalne-nauczanie"],"_links":{"self":[{"href":"https:\/\/www.sp1wschowa.pl\/index.php?rest_route=\/wp\/v2\/posts\/4961","targetHints":{"allow":["GET"]}}],"collection":[{"href":"https:\/\/www.sp1wschowa.pl\/index.php?rest_route=\/wp\/v2\/posts"}],"about":[{"href":"https:\/\/www.sp1wschowa.pl\/index.php?rest_route=\/wp\/v2\/types\/post"}],"author":[{"embeddable":true,"href":"https:\/\/www.sp1wschowa.pl\/index.php?rest_route=\/wp\/v2\/users\/2"}],"replies":[{"embeddable":true,"href":"https:\/\/www.sp1wschowa.pl\/index.php?rest_route=%2Fwp%2Fv2%2Fcomments&post=4961"}],"version-history":[{"count":3,"href":"https:\/\/www.sp1wschowa.pl\/index.php?rest_route=\/wp\/v2\/posts\/4961\/revisions"}],"predecessor-version":[{"id":4964,"href":"https:\/\/www.sp1wschowa.pl\/index.php?rest_route=\/wp\/v2\/posts\/4961\/revisions\/4964"}],"wp:attachment":[{"href":"https:\/\/www.sp1wschowa.pl\/index.php?rest_route=%2Fwp%2Fv2%2Fmedia&parent=4961"}],"wp:term":[{"taxonomy":"category","embeddable":true,"href":"https:\/\/www.sp1wschowa.pl\/index.php?rest_route=%2Fwp%2Fv2%2Fcategories&post=4961"},{"taxonomy":"post_tag","embeddable":true,"href":"https:\/\/www.sp1wschowa.pl\/index.php?rest_route=%2Fwp%2Fv2%2Ftags&post=4961"}],"curies":[{"name":"wp","href":"https:\/\/api.w.org\/{rel}","templated":true}]}}