{"id":4955,"date":"2020-05-08T11:48:14","date_gmt":"2020-05-08T09:48:14","guid":{"rendered":"http:\/\/www.sp1wschowa.pl\/?p=4955"},"modified":"2020-05-08T11:49:32","modified_gmt":"2020-05-08T09:49:32","slug":"8-maja-obchodzimy-dzien-bibliotekarzy-i-bibliotek","status":"publish","type":"post","link":"https:\/\/www.sp1wschowa.pl\/?p=4955","title":{"rendered":"8 maja obchodzimy Dzie\u0144 Bibliotekarzy i Bibliotek"},"content":{"rendered":"<p><span style=\"font-family: tahoma, arial, helvetica, sans-serif;\"><span class=\"_5mfr\"><span class=\"_6qdm\"><img loading=\"lazy\" decoding=\"async\" class=\"size-medium wp-image-4956 alignleft\" src=\"http:\/\/www.sp1wschowa.pl\/wp-content\/uploads\/2020\/05\/db-212x300.jpg\" alt=\"\" width=\"212\" height=\"300\" srcset=\"https:\/\/www.sp1wschowa.pl\/wp-content\/uploads\/2020\/05\/db-212x300.jpg 212w, https:\/\/www.sp1wschowa.pl\/wp-content\/uploads\/2020\/05\/db.jpg 678w\" sizes=\"auto, (max-width: 212px) 100vw, 212px\" \/>?<\/span><\/span><span class=\"_5mfr\"><span class=\"_6qdm\">?<\/span><\/span><span class=\"_5mfr\"><span class=\"_6qdm\">?<\/span><\/span><span class=\"_5mfr\"><span class=\"_6qdm\">?<\/span><\/span><span class=\"_5mfr\"><span class=\"_6qdm\">?<\/span><\/span><span class=\"_5mfr\"><span class=\"_6qdm\">?<\/span><\/span><span class=\"_5mfr\"><span class=\"_6qdm\">?<\/span><\/span><span class=\"_5mfr\"><span class=\"_6qdm\">?<\/span><\/span><span class=\"_5mfr\"><span class=\"_6qdm\">?<\/span><\/span><span class=\"_5mfr\"><span class=\"_6qdm\">?<\/span><\/span><span class=\"_5mfr\"><span class=\"_6qdm\">?<\/span><\/span><span class=\"_5mfr\"><span class=\"_6qdm\">?<\/span><\/span><span class=\"_5mfr\"><span class=\"_6qdm\">?<\/span><\/span><span class=\"_5mfr\"><span class=\"_6qdm\">?<\/span><\/span><span class=\"_5mfr\"><span class=\"_6qdm\">?<\/span><\/span><span class=\"_5mfr\"><span class=\"_6qdm\">?<\/span><\/span><span class=\"_5mfr\"><span class=\"_6qdm\">?<\/span><\/span><\/span><\/p>\n<p style=\"text-align: justify;\"><span style=\"font-family: tahoma, arial, helvetica, sans-serif;\">Tegoroczne has\u0142o akcji brzmi: \u201cZasmakuj w bibliotece\u201d<span class=\"text_exposed_show\"><br \/>\nAutorem has\u0142a jest Mariusz Nakielny, starszy kustosz Powiatowej i Miejskiej Biblioteki Publicznej w Bochni, kt\u00f3ry uzasadniania wyb\u00f3r w nast\u0119puj\u0105cy spos\u00f3b:<\/span><\/span><\/p>\n<div class=\"text_exposed_show\">\n<p style=\"text-align: justify;\"><span style=\"font-family: tahoma, arial, helvetica, sans-serif;\">&#8222;Zasmakuj w bibliotece, bo ksi\u0105\u017ck\u0105 warto si\u0119 delektowa\u0107,<\/span><br \/>\n<span style=\"font-family: tahoma, arial, helvetica, sans-serif;\">smakujmy s\u0142owa, ci\u0105gle i wci\u0105\u017c od nowa.<\/span><br \/>\n<span style=\"font-family: tahoma, arial, helvetica, sans-serif;\">Korzystajmy z kalejdoskopu ofert dla naszych<\/span><br \/>\n<span style=\"font-family: tahoma, arial, helvetica, sans-serif;\">najwa\u017cniejszych go\u015bci \u2013 Czytelnik\u00f3w,<\/span><br \/>\n<span style=\"font-family: tahoma, arial, helvetica, sans-serif;\">by ka\u017cdy z nich znalaz\u0142 w bibliotece \u0142akomy literacki k\u0105sek.<\/span><br \/>\n<span style=\"font-family: tahoma, arial, helvetica, sans-serif;\">To dla was entuzjast\u00f3w literatury i kultury jeste\u015bmy.&#8221;<\/span><\/p>\n<p style=\"text-align: justify;\"><span style=\"font-family: tahoma, arial, helvetica, sans-serif;\">Co roku odbywa si\u0119 konkurs na plakat promuj\u0105cy \u201eTydzie\u0144 Bibliotek\u201d. Zwyci\u0119zc\u0105 tegorocznego konkursu zosta\u0142 plakat Jolanty R\u00f3\u017cackiej z Wroc\u0142awia.<\/span><\/p>\n<p style=\"text-align: justify;\"><span style=\"font-family: tahoma, arial, helvetica, sans-serif;\">Zapraszamy uczni\u00f3w naszej szko\u0142y do internetowej aktywno\u015bci i zabawy z okazji tegorocznego Dnia Bibliotekarzy i Bibliotek! Mamy dla Was kilka propozycji:<\/span><\/p>\n<p style=\"text-align: justify;\"><span style=\"font-family: tahoma, arial, helvetica, sans-serif;\"><span class=\"_5mfr\"><span class=\"_6qdm\">\u2666\ufe0f<\/span><\/span>Gra &#8222;Chochlik w tytule&#8221;, kt\u00f3ra polega na wskazaniu prawid\u0142owych tytu\u0142\u00f3w ksi\u0105\u017cek i dopasowaniu kartek z cytatami do w\u0142a\u015bciwych ok\u0142adek <\/span><br \/>\n<span style=\"font-family: tahoma, arial, helvetica, sans-serif;\"><a href=\"https:\/\/l.facebook.com\/l.php?u=https%3A%2F%2Flearningapps.org%2Fwatch%3Fv%3Dp7232ooz520%26fbclid%3DIwAR1N0LIhQIHMFa-5xYG82sJX6ZDayPIB0ScCvambJ4pcyadkIr5nzIHx_Eo&amp;h=AT3aTTD93Tw6M-kA8p6OlBR7JKT1lsBzNxd60FT86ayAOjT2501zBaNdEbyyTIMIW0d00Ilu-ShfViS5EeEUYwiuCa4rzWVjj8ECjhNVfjoen_z3OocNxHFA5kmFTByySO0XaJEp5XWVjhX9njec4WkycXbPlryh0_yXu3yPQyuCWnxcpvxdlQlCLX6k_ESC-NlKXBEhMeO5Hzg4k3Q1lOZ-w3o2zSc3A_twSaUL1miDL4XFR-4N667xfKnMHcFuv3c1vCAww3j7bpBfrzZsw_-SiDjBqa8ya_13LzoSWrO4EsM2PvSoIgXQWXivBVxAZxrGIpkROnNslb7K7DLgHiEz-Yw6cKzNnkDr6GYR4YDYZQ24PvExIVyHn2lVaSsom1C7lFshIdeoapvoqPP-gX3snHQy2ozTvM2fBD3FHMasnu-JODNY_hIzLJqNhrgvb8kv1-TdhaeWZSVxDg3viWfsv5qWMBuVYWCirY1QCLijRj64Zt9aMD-IA7j2Z9mxYoUYt15T4IvYhkwiADN85jbGneDWseJEmGg9uSly56UWemvJV8SDevp2qsjYsgmcoeXpFR5DdmbeNRQGmBIZym5fu_cl_-45Zbky8Rw8_6zgYEGG4XkyMVpwRIbIhQIJRu1pJSP0\" target=\"_blank\" rel=\"noopener nofollow noreferrer\" data-ft=\"{&quot;tn&quot;:&quot;-U&quot;}\" data-lynx-mode=\"async\">https:\/\/learningapps.org\/watch\u2026<\/a><\/span><br \/>\n<span style=\"font-family: tahoma, arial, helvetica, sans-serif;\"><span class=\"_5mfr\"><span class=\"_6qdm\">\u2665\ufe0f<\/span><\/span>Krzy\u017c\u00f3wka &#8222;15 prac bibliotekarza&#8221;<\/span><br \/>\n<span style=\"font-family: tahoma, arial, helvetica, sans-serif;\"><a href=\"https:\/\/learningapps.org\/watch?v=pij55vmmn20&amp;fbclid=IwAR0BI-YNZQ8NHbG54yO8y7XSsOiXygNmREVoF6gzEFK6lsuGq14t_h_BPcI\" target=\"_blank\" rel=\"noopener nofollow noreferrer\" data-ft=\"{&quot;tn&quot;:&quot;-U&quot;}\" data-lynx-mode=\"async\" data-lynx-uri=\"https:\/\/l.facebook.com\/l.php?u=https%3A%2F%2Flearningapps.org%2Fwatch%3Fv%3Dpij55vmmn20%26fbclid%3DIwAR0BI-YNZQ8NHbG54yO8y7XSsOiXygNmREVoF6gzEFK6lsuGq14t_h_BPcI&amp;h=AT31CVoeSfxHpTliOIH2j5lF6CefSW3eI1_RJSHjFE0K6DMcXln9L9APn2oABom6AW9fbfVsJ1vXV3NolagmAwTcoHkoHFT3oSUUwY5Bk83canTYtLL_kTkO-iXb3nS1SA06nNGFEqEvGKCOkIqWzNoYAcc3IWeCj83d6Tv-b2ydpjipv_ccpSC027niUZz03oSv2rJ_2CBd9XORLTzr3qo2z3cAuqaQUIAfHN8Cel_3vh0d8bBAsUZMhQj9tXsMVfOnFfdnI5YjijZuRCPWSG_NOr-ujJAkmjb2nziHATSkoC6T6PuTKk7AJFOl2rVF8rM5df0UAL8vzyBab3hCAE-6qk3LH-RwDt9QhLl5CPA07Ur6CYyUppPLoSmdVmIkqNOKqC0jZdCWyAyZhW-kBMfkfgcgQ1RvQWU_Yr3qMbEJv2DXXR3oic6FU6uEDT70YoW97h3-2MZ8Kw2hTp1uB4q-koNltAu1sA8nt3fKCS8WFSvGgewDYK1R922b04ui9-_Px_-UfX8GNYKKjn24ZdkM-qKeKZukRC1fbBcmHPIBrE98M05QPGhuZvQh63PCCza9alAJgGeF_IOQuyyoXmulLKStbFooWQcV51ewGy4VzGElneXp-jFh_4OLAL8LPQnpiwzP\">https:\/\/learningapps.org\/watch\u2026<\/a><\/span><br \/>\n<span style=\"font-family: tahoma, arial, helvetica, sans-serif;\"><span class=\"_5mfr\"><span class=\"_6qdm\">\u2666\ufe0f<\/span><\/span> wiersz &#8222;BIBLIOTEKA&#8221; z tomiku &#8221; Przystanek wyobra\u017ania&#8221;<\/span><br \/>\n<span style=\"font-family: tahoma, arial, helvetica, sans-serif;\"><a href=\"https:\/\/www.youtube.com\/watch?v=jRLWp_jywWI&amp;fbclid=IwAR1dd4LL8QeT6aq46lf4WyGfLA0GWU6jnhoBy2MD33i7b1a0OSEHwioeePc\" target=\"_blank\" rel=\"noopener nofollow noreferrer\" data-ft=\"{&quot;tn&quot;:&quot;-U&quot;}\" data-lynx-mode=\"async\" data-lynx-uri=\"https:\/\/l.facebook.com\/l.php?u=https%3A%2F%2Fwww.youtube.com%2Fwatch%3Fv%3DjRLWp_jywWI%26fbclid%3DIwAR1dd4LL8QeT6aq46lf4WyGfLA0GWU6jnhoBy2MD33i7b1a0OSEHwioeePc&amp;h=AT3ALfk6BOp48szMDGzqqB4TVH8IS6q3vX2yjGqeXcmGjdDykFdBGwokjTkqBhv50jyQI0pfsszxlrAP2vmMELQdMhsQmUcVQIHiL8SmzLM6JjR0XOBhz5BvnaMuFbzYJxam9Tow7p9f2U5ZXdhKA4eOhKjeBazKgFkAks7MN8x6eFKXM_vwjHvPSZ9yPy5rnsV5xjuDXc4xbuvdv2cBia2350qGlB2MwRQr4tnPT8y5_By2zFD0GDrOpU6bvVHWSI67auUCX8j6PyxVDuqTae4xa4JU8f_hdbmVzmh_DDnnOD8ZoX6AHQ7uEy28tMCeyGLA5WAW5YwuX66ZEBHmBGzT4JnXpNo-yA6GwAOzqWZdUohic7tW5kwpc6qPrquqteV50T01m7h__yGHbXyA68fFfumLM-UN4Zg5-QlSHMbXqzU_cnilho4qcv5uz4ZdyiQ5l6HW-LjGDIWjJiKIsIAFCAWaT5MqMvLEzHqjm-Xde5tjl0WBXHd6Z8ZRfSnW3j629-daPRHwZEMSiRzoBywn5u_TfhrDq565A02ZDqvlxbbefWkZVCZZ2P42yTWoaaWsK-ElbsHtvNd2C01b5WsTdRc93Uv34vI_sxFDUTUhCOwiBrUuzTWB44B3-WeCwIiC9Q3u\">https:\/\/www.youtube.com\/watch\u2026<\/a><\/span><br \/>\n<span style=\"font-family: tahoma, arial, helvetica, sans-serif;\"><span class=\"_5mfr\"><span class=\"_6qdm\">\u2665\ufe0f<\/span><\/span> Biblioteczka &#8211; apteczka, czyli ksi\u0105\u017cki na czas kwarantanny<\/span><br \/>\n<span style=\"font-family: tahoma, arial, helvetica, sans-serif;\"><a href=\"https:\/\/biblioteczka-apteczka.pl\/2020\/05\/04\/ksiazki-na-czas-kwarantanny\/?fbclid=IwAR2vGwT2IF4x5B8Y6p64jVeKkiswP0vBzyJ81FAO-9RbbVRDBYr_KP9Imrc\" target=\"_blank\" rel=\"noopener nofollow noreferrer\" data-ft=\"{&quot;tn&quot;:&quot;-U&quot;}\" data-lynx-mode=\"async\" data-lynx-uri=\"https:\/\/l.facebook.com\/l.php?u=https%3A%2F%2Fbiblioteczka-apteczka.pl%2F2020%2F05%2F04%2Fksiazki-na-czas-kwarantanny%2F%3Ffbclid%3DIwAR2vGwT2IF4x5B8Y6p64jVeKkiswP0vBzyJ81FAO-9RbbVRDBYr_KP9Imrc&amp;h=AT2kT4U1G2eD4KYUaXNhaQRURW_K-5iVMBrHU0OiyIpqifOLbtTM2rNxGPsR9dM8-7zB9JeFMNcrC776EqaH_64ErDZjjZKWGdBx6E2zwhDIVLW5a3_79I4Lup7HZaGemTiz8o4q_u5XlaSEowUXbUROO_Muuxvs2_4V4rkzdizW1eG777i3ZCMWh7LaFSCF1fZ698V1Sruq_Zizj4VhkiIvGKJyMwDtRqYOKi0pUeRWAPFnfYXUoVi0jbvzpJZn3I59EWRMc6Uin2eeAErdw-BZFXn6ZQ4dpmJww5sIC3OMKBKgx2pfRaCbOWVc5cNBi_FBVgAWWWwRr_UPGGUyOJlwNGRtAhm9SpVZu_mcPyqVfDVNyNbG73cMx7ZNY8pXY5ELewcf4UdhOIjn8GKeJ9Fp1ssTtLVzJmVFEM8f5e-hJ9VPQwU5pxpKxjzKcad1R8yPBefZD4xNtopu3d6DwbsWrOufLnTnQeLCWZB9Z4hTsxjmWVSdmjQhB6v9eGdQkPn6IrChcjgPpD6eL4A7RhdUSdYj5BQr8DdarcQExow1COmbOk5RVCf5cinYkj5KMi_4C_JmfDRfCsznF6s9t4C6TYwU0Yh-oNYcPjNgPaH_Yhmc0udqV8xB5JG1GwpaeLOBPLOO\">https:\/\/biblioteczka-apteczka.pl\/\u2026\/ksiazki-na-czas-kwaran\u2026\/\u2026<\/a><\/span><\/p>\n<p><span style=\"font-family: tahoma, arial, helvetica, sans-serif;\">Z pozdrowieniami &#8211; nauczycielki bibliotekarki SP1 <span class=\"_5mfr\"><span class=\"_6qdm\">\u263a\ufe0f<\/span><\/span><span class=\"_5mfr\"><span class=\"_6qdm\">\u263a\ufe0f<\/span><\/span><\/span><\/p>\n<\/div>\n","protected":false},"excerpt":{"rendered":"<p>????????????????? Tegoroczne has\u0142o akcji brzmi: \u201cZasmakuj w bibliotece\u201d Autorem has\u0142a jest Mariusz Nakielny, starszy kustosz Powiatowej i Miejskiej Biblioteki Publicznej w Bochni, kt\u00f3ry uzasadniania wyb\u00f3r w nast\u0119puj\u0105cy spos\u00f3b: &#8222;Zasmakuj w bibliotece, bo ksi\u0105\u017ck\u0105 warto si\u0119 delektowa\u0107, smakujmy s\u0142owa, ci\u0105gle i wci\u0105\u017c od nowa. Korzystajmy z kalejdoskopu ofert dla naszych najwa\u017cniejszych go\u015bci \u2013 Czytelnik\u00f3w, by ka\u017cdy [&hellip;]<\/p>\n","protected":false},"author":2,"featured_media":0,"comment_status":"closed","ping_status":"closed","sticky":false,"template":"","format":"standard","meta":{"footnotes":""},"categories":[29],"tags":[],"class_list":["post-4955","post","type-post","status-publish","format-standard","hentry","category-zdalne-nauczanie"],"_links":{"self":[{"href":"https:\/\/www.sp1wschowa.pl\/index.php?rest_route=\/wp\/v2\/posts\/4955","targetHints":{"allow":["GET"]}}],"collection":[{"href":"https:\/\/www.sp1wschowa.pl\/index.php?rest_route=\/wp\/v2\/posts"}],"about":[{"href":"https:\/\/www.sp1wschowa.pl\/index.php?rest_route=\/wp\/v2\/types\/post"}],"author":[{"embeddable":true,"href":"https:\/\/www.sp1wschowa.pl\/index.php?rest_route=\/wp\/v2\/users\/2"}],"replies":[{"embeddable":true,"href":"https:\/\/www.sp1wschowa.pl\/index.php?rest_route=%2Fwp%2Fv2%2Fcomments&post=4955"}],"version-history":[{"count":2,"href":"https:\/\/www.sp1wschowa.pl\/index.php?rest_route=\/wp\/v2\/posts\/4955\/revisions"}],"predecessor-version":[{"id":4958,"href":"https:\/\/www.sp1wschowa.pl\/index.php?rest_route=\/wp\/v2\/posts\/4955\/revisions\/4958"}],"wp:attachment":[{"href":"https:\/\/www.sp1wschowa.pl\/index.php?rest_route=%2Fwp%2Fv2%2Fmedia&parent=4955"}],"wp:term":[{"taxonomy":"category","embeddable":true,"href":"https:\/\/www.sp1wschowa.pl\/index.php?rest_route=%2Fwp%2Fv2%2Fcategories&post=4955"},{"taxonomy":"post_tag","embeddable":true,"href":"https:\/\/www.sp1wschowa.pl\/index.php?rest_route=%2Fwp%2Fv2%2Ftags&post=4955"}],"curies":[{"name":"wp","href":"https:\/\/api.w.org\/{rel}","templated":true}]}}