{"id":4912,"date":"2020-05-02T10:51:52","date_gmt":"2020-05-02T08:51:52","guid":{"rendered":"http:\/\/www.sp1wschowa.pl\/?p=4912"},"modified":"2020-05-02T10:58:36","modified_gmt":"2020-05-02T08:58:36","slug":"dzien-flagi","status":"publish","type":"post","link":"https:\/\/www.sp1wschowa.pl\/?p=4912","title":{"rendered":"Dzie\u0144 Flagi"},"content":{"rendered":"<p><span class=\"_5mfr\"><span class=\"_6qdm\"><a href=\"https:\/\/www.gov.pl\/web\/edukacja\/swietujmy-dzien-flagi-rzeczypospolitej-polskiej?fbclid=IwAR0xdrSZuwH60DpZYseZ4PiqVsnLxfLu3G1fana_Y4itBxfJJs3xKPZmlHw\" target=\"_blank\" rel=\"noopener noreferrer\"><img loading=\"lazy\" decoding=\"async\" class=\" wp-image-4913 alignleft\" src=\"http:\/\/www.sp1wschowa.pl\/wp-content\/uploads\/2020\/05\/1460x616-300x127.jpg\" alt=\"\" width=\"357\" height=\"151\" srcset=\"https:\/\/www.sp1wschowa.pl\/wp-content\/uploads\/2020\/05\/1460x616-300x127.jpg 300w, https:\/\/www.sp1wschowa.pl\/wp-content\/uploads\/2020\/05\/1460x616-1024x432.jpg 1024w, https:\/\/www.sp1wschowa.pl\/wp-content\/uploads\/2020\/05\/1460x616-768x324.jpg 768w, https:\/\/www.sp1wschowa.pl\/wp-content\/uploads\/2020\/05\/1460x616.jpg 1460w\" sizes=\"auto, (max-width: 357px) 100vw, 357px\" \/><\/a>??<\/span><\/span><span class=\"_5mfr\"><span class=\"_6qdm\">??<\/span><\/span><span class=\"_5mfr\"><span class=\"_6qdm\">??<\/span><\/span><span class=\"_5mfr\"><span class=\"_6qdm\">??<\/span><\/span><span class=\"_5mfr\"><span class=\"_6qdm\">??<\/span><\/span><span class=\"_5mfr\"><span class=\"_6qdm\">??<\/span><\/span><span class=\"_5mfr\"><span class=\"_6qdm\">??<\/span><\/span><span class=\"_5mfr\"><span class=\"_6qdm\">??<\/span><\/span><span class=\"_5mfr\"><span class=\"_6qdm\">??<\/span><\/span><span class=\"_5mfr\"><span class=\"_6qdm\">??<\/span><\/span><span class=\"_5mfr\"><span class=\"_6qdm\">??<\/span><\/span><span class=\"_5mfr\"><span class=\"_6qdm\">??<\/span><\/span><span class=\"_5mfr\"><span class=\"_6qdm\">??<\/span><\/span><br \/>\nPowiewa flaga, gdy wiatr si\u0119 zerwie,<br \/>\nA na tej fladze, biel i czerwie\u0144,<br \/>\nCzerwie\u0144 to mi\u0142o\u015b\u0107,<br \/>\nBiel serce czyste,<span class=\"text_exposed_show\"><br \/>\nPi\u0119kne s\u0105 nasze barwy ojczyste.<br \/>\n<span class=\"_5mfr\"><span class=\"_6qdm\">??<\/span><\/span><span class=\"_5mfr\"><span class=\"_6qdm\">??<\/span><\/span><span class=\"_5mfr\"><span class=\"_6qdm\">??<\/span><\/span><span class=\"_5mfr\"><span class=\"_6qdm\">??<\/span><\/span><span class=\"_5mfr\"><span class=\"_6qdm\">??<\/span><\/span><span class=\"_5mfr\"><span class=\"_6qdm\">??<\/span><\/span><span class=\"_5mfr\"><span class=\"_6qdm\">??<\/span><\/span><span class=\"_5mfr\"><span class=\"_6qdm\">??<\/span><\/span><span class=\"_5mfr\"><span class=\"_6qdm\">??<\/span><\/span><span class=\"_5mfr\"><span class=\"_6qdm\">??<\/span><\/span><span class=\"_5mfr\"><span class=\"_6qdm\">??<\/span><\/span><span class=\"_5mfr\"><span class=\"_6qdm\">??<\/span><\/span><span class=\"_5mfr\"><span class=\"_6qdm\">??<\/span><\/span><\/span><\/p>\n<div class=\"lfloat _ohe\">\n<div class=\"_3ekx _29_4\">\n<div class=\"_6m3 _--6\">\n<div class=\"_3n1k\">\n<div class=\"mbs _6m6 _2cnj _5s6c\" style=\"text-align: justify;\"><span style=\"font-family: tahoma, arial, helvetica, sans-serif;\"><a href=\"https:\/\/l.facebook.com\/l.php?u=https%3A%2F%2Fwww.gov.pl%2Fweb%2Fedukacja%2Fswietujmy-dzien-flagi-rzeczypospolitej-polskiej%3Ffbclid%3DIwAR3tpCkF7iXwf5BG4A4RORm65N6LTQh8JzdyaD-gf5KWHusKaAICi2nTsio&amp;h=AT2NsvUVQ6jqjqFdKKOiaYExUr-o90-Zh5xgngj6Rkb1dT99GX388zKismH9r8YnsMcPygOLlpPeFCQb6jUlSKleLp3rCRFNQIoZgGavZdUVb4PWDIkKdXovqJ3nFkBJAsRNLG-Y9PeNA_5q-MVuRDaxPE_UT077zL2p4cO3ul7M3nP5tGsXbJmNbNNpqgz-D7B9pn5sF4lx2LgWfMCvRCLxUaE_1yU7oDAo1TWZ2gcYnOfKD4UQ6tIDSbzYKzNPtdF2fohBwWuPpVEktW-6ngCIgROAsA5n65DdL7a7CbYRR7zsKJLQFNU_ArWZSXJPVEzCl-53Vp1UZXyLAGVHPUXy5Fi_73rYMCiDhNNVJZWIcqrG4QOoUUJ11wc0KuJkVmtKv4KozXBO9aW2iH4xmhGWpggMq0RPwDM1kvbTMPrR5RhQ6Wa5Ls0DNmuQRMcJc1JfndwiVF7D0qOLQWbVqLjiSrxVmLYU0LTy5oh7B7wAPuh0NUvjZOhnpaq7ZjVpri32f8r5ZpAe0BE86XyjTrhaiHOrXzr578sp751z0VdAIMm8xmcSh7yBHlWvj5-AfigV6AP933hUCeAeKmQQpMBtYGxUtldn5yla9NT6bTDbbNyL-QyYEZDkEZqcXg\" target=\"_blank\" rel=\"noopener noreferrer\" data-lynx-mode=\"async\">\u015awi\u0119tujmy Dzie\u0144 Flagi Rzeczypospolitej Polskiej! &#8211; Ministerstwo Edukacji Narodowej &#8211; Portal Gov.pl<\/a><\/span><\/div>\n<\/div>\n<\/div>\n<div id=\"u_jsonp_37_p\" class=\"accessible_elem\" style=\"text-align: justify;\"><span style=\"font-family: tahoma, arial, helvetica, sans-serif;\">Ju\u017c po raz kolejny zapraszamy do w\u0142\u0105czenia si\u0119 do akcji #mojaflaga, organizowanej z okazji Dnia Flagi Rzeczypospolitej Polskiej, zainicjowanej przez Biuro Niepodleg\u0142a. Zach\u0119camy r\u00f3wnie\u017c do zapoznania si\u0119 z miniprzewodnikiem \u201eBia\u0142o-Czerwona\u201d, opracowanym przez Ministerstwo Spraw Wewn\u0119t&#8230;<\/span><\/div>\n<\/div>\n<\/div>\n<div class=\"_42ef\"><\/div>\n","protected":false},"excerpt":{"rendered":"<p>?????????????????????????? Powiewa flaga, gdy wiatr si\u0119 zerwie, A na tej fladze, biel i czerwie\u0144, Czerwie\u0144 to mi\u0142o\u015b\u0107, Biel serce czyste, Pi\u0119kne s\u0105 nasze barwy ojczyste. ?????????????????????????? \u015awi\u0119tujmy Dzie\u0144 Flagi Rzeczypospolitej Polskiej! &#8211; Ministerstwo Edukacji Narodowej &#8211; Portal Gov.pl Ju\u017c po raz kolejny zapraszamy do w\u0142\u0105czenia si\u0119 do akcji #mojaflaga, organizowanej z okazji Dnia Flagi Rzeczypospolitej [&hellip;]<\/p>\n","protected":false},"author":2,"featured_media":0,"comment_status":"closed","ping_status":"closed","sticky":false,"template":"","format":"standard","meta":{"footnotes":""},"categories":[29],"tags":[],"class_list":["post-4912","post","type-post","status-publish","format-standard","hentry","category-zdalne-nauczanie"],"_links":{"self":[{"href":"https:\/\/www.sp1wschowa.pl\/index.php?rest_route=\/wp\/v2\/posts\/4912","targetHints":{"allow":["GET"]}}],"collection":[{"href":"https:\/\/www.sp1wschowa.pl\/index.php?rest_route=\/wp\/v2\/posts"}],"about":[{"href":"https:\/\/www.sp1wschowa.pl\/index.php?rest_route=\/wp\/v2\/types\/post"}],"author":[{"embeddable":true,"href":"https:\/\/www.sp1wschowa.pl\/index.php?rest_route=\/wp\/v2\/users\/2"}],"replies":[{"embeddable":true,"href":"https:\/\/www.sp1wschowa.pl\/index.php?rest_route=%2Fwp%2Fv2%2Fcomments&post=4912"}],"version-history":[{"count":3,"href":"https:\/\/www.sp1wschowa.pl\/index.php?rest_route=\/wp\/v2\/posts\/4912\/revisions"}],"predecessor-version":[{"id":4916,"href":"https:\/\/www.sp1wschowa.pl\/index.php?rest_route=\/wp\/v2\/posts\/4912\/revisions\/4916"}],"wp:attachment":[{"href":"https:\/\/www.sp1wschowa.pl\/index.php?rest_route=%2Fwp%2Fv2%2Fmedia&parent=4912"}],"wp:term":[{"taxonomy":"category","embeddable":true,"href":"https:\/\/www.sp1wschowa.pl\/index.php?rest_route=%2Fwp%2Fv2%2Fcategories&post=4912"},{"taxonomy":"post_tag","embeddable":true,"href":"https:\/\/www.sp1wschowa.pl\/index.php?rest_route=%2Fwp%2Fv2%2Ftags&post=4912"}],"curies":[{"name":"wp","href":"https:\/\/api.w.org\/{rel}","templated":true}]}}