{"id":4907,"date":"2020-05-01T20:26:43","date_gmt":"2020-05-01T18:26:43","guid":{"rendered":"http:\/\/www.sp1wschowa.pl\/?p=4907"},"modified":"2020-05-01T20:31:54","modified_gmt":"2020-05-01T18:31:54","slug":"4907","status":"publish","type":"post","link":"https:\/\/www.sp1wschowa.pl\/?p=4907","title":{"rendered":"&#8222;Jeste\u015bmy Polk\u0105 i Polakiem&#8221;"},"content":{"rendered":"<p><span style=\"font-family: tahoma, arial, helvetica, sans-serif;\">1 maja to obok \u015awi\u0119ta Pracy tak\u017ce rocznica wst\u0105pienia Polski do Unii Europejskiej. <\/span><br \/>\n<span style=\"font-family: tahoma, arial, helvetica, sans-serif;\">1 maja 2004 r. mia\u0142o miejsce najwi\u0119ksze rozszerzenie Unii Europejskiej w historii. Po kilkunastoletnim procesie integracji Polska do\u0142\u0105czy\u0142a do Wsp\u00f3lnoty wraz z Czechami, S\u0142owacj\u0105, W\u0119grami, Litw\u0105, \u0141otw\u0105, Estoni\u0105, S\u0142oweni\u0105, Cyprem i Malt\u0105.<\/span><\/p>\n<div class=\"text_exposed_show\">\n<p><span style=\"font-family: tahoma, arial, helvetica, sans-serif;\">Pozostaj\u0105c w klimacie \u015bwi\u0119towania, prezentujemy piosenk\u0119 &#8222;Jeste\u015bmy Polk\u0105 i Polakiem&#8221; w wykonaniu naszej uczennicy Marysi Lotki z kl. II c.<\/span><\/p>\n<p><span style=\"font-family: tahoma, arial, helvetica, sans-serif;\">Marysiu, gratulujemy pi\u0119knego wyst\u0119pu! <a href=\"https:\/\/www.facebook.com\/1596208907342611\/videos\/2943999462356525\/\" target=\"_blank\" rel=\"noopener noreferrer\">Mo\u017cna pos\u0142ucha\u0107 tutaj na FB<\/a><\/span><br \/>\n<span style=\"font-family: tahoma, arial, helvetica, sans-serif;\"><span class=\"_5mfr\"><span class=\"_6qdm\">?<\/span><\/span><span class=\"_5mfr\"><span class=\"_6qdm\">?<\/span><\/span><span class=\"_5mfr\"><span class=\"_6qdm\">?\ufe0f<\/span><\/span><span class=\"_5mfr\"><span class=\"_6qdm\">?<\/span><\/span><span class=\"_5mfr\"><span class=\"_6qdm\">?<\/span><\/span><span class=\"_5mfr\"><span class=\"_6qdm\">?\ufe0f<\/span><\/span><span class=\"_5mfr\"><span class=\"_6qdm\">?<\/span><\/span><span class=\"_5mfr\"><span class=\"_6qdm\">?<\/span><\/span><span class=\"_5mfr\"><span class=\"_6qdm\">?\ufe0f<\/span><\/span><span class=\"_5mfr\"><span class=\"_6qdm\">?<\/span><\/span><span class=\"_5mfr\"><span class=\"_6qdm\">?<\/span><\/span><span class=\"_5mfr\"><span class=\"_6qdm\">?\ufe0f<\/span><\/span><span class=\"_5mfr\"><span class=\"_6qdm\">?<\/span><\/span><span class=\"_5mfr\"><span class=\"_6qdm\">?<\/span><\/span><span class=\"_5mfr\"><span class=\"_6qdm\">?\ufe0f<\/span><\/span><\/span><\/p>\n<\/div>\n","protected":false},"excerpt":{"rendered":"<p>1 maja to obok \u015awi\u0119ta Pracy tak\u017ce rocznica wst\u0105pienia Polski do Unii Europejskiej. 1 maja 2004 r. mia\u0142o miejsce najwi\u0119ksze rozszerzenie Unii Europejskiej w historii. Po kilkunastoletnim procesie integracji Polska do\u0142\u0105czy\u0142a do Wsp\u00f3lnoty wraz z Czechami, S\u0142owacj\u0105, W\u0119grami, Litw\u0105, \u0141otw\u0105, Estoni\u0105, S\u0142oweni\u0105, Cyprem i Malt\u0105. Pozostaj\u0105c w klimacie \u015bwi\u0119towania, prezentujemy piosenk\u0119 &#8222;Jeste\u015bmy Polk\u0105 i Polakiem&#8221; [&hellip;]<\/p>\n","protected":false},"author":2,"featured_media":0,"comment_status":"closed","ping_status":"closed","sticky":false,"template":"","format":"standard","meta":{"footnotes":""},"categories":[29],"tags":[],"class_list":["post-4907","post","type-post","status-publish","format-standard","hentry","category-zdalne-nauczanie"],"_links":{"self":[{"href":"https:\/\/www.sp1wschowa.pl\/index.php?rest_route=\/wp\/v2\/posts\/4907","targetHints":{"allow":["GET"]}}],"collection":[{"href":"https:\/\/www.sp1wschowa.pl\/index.php?rest_route=\/wp\/v2\/posts"}],"about":[{"href":"https:\/\/www.sp1wschowa.pl\/index.php?rest_route=\/wp\/v2\/types\/post"}],"author":[{"embeddable":true,"href":"https:\/\/www.sp1wschowa.pl\/index.php?rest_route=\/wp\/v2\/users\/2"}],"replies":[{"embeddable":true,"href":"https:\/\/www.sp1wschowa.pl\/index.php?rest_route=%2Fwp%2Fv2%2Fcomments&post=4907"}],"version-history":[{"count":2,"href":"https:\/\/www.sp1wschowa.pl\/index.php?rest_route=\/wp\/v2\/posts\/4907\/revisions"}],"predecessor-version":[{"id":4909,"href":"https:\/\/www.sp1wschowa.pl\/index.php?rest_route=\/wp\/v2\/posts\/4907\/revisions\/4909"}],"wp:attachment":[{"href":"https:\/\/www.sp1wschowa.pl\/index.php?rest_route=%2Fwp%2Fv2%2Fmedia&parent=4907"}],"wp:term":[{"taxonomy":"category","embeddable":true,"href":"https:\/\/www.sp1wschowa.pl\/index.php?rest_route=%2Fwp%2Fv2%2Fcategories&post=4907"},{"taxonomy":"post_tag","embeddable":true,"href":"https:\/\/www.sp1wschowa.pl\/index.php?rest_route=%2Fwp%2Fv2%2Ftags&post=4907"}],"curies":[{"name":"wp","href":"https:\/\/api.w.org\/{rel}","templated":true}]}}