{"id":4898,"date":"2020-04-30T22:12:34","date_gmt":"2020-04-30T20:12:34","guid":{"rendered":"http:\/\/www.sp1wschowa.pl\/?p=4898"},"modified":"2020-04-30T23:08:11","modified_gmt":"2020-04-30T21:08:11","slug":"4898","status":"publish","type":"post","link":"https:\/\/www.sp1wschowa.pl\/?p=4898","title":{"rendered":"Zbli\u017ca si\u0119 pocz\u0105tek maja&#8230;"},"content":{"rendered":"<p><span style=\"font-family: tahoma, arial, helvetica, sans-serif;\">Zbli\u017ca si\u0119 pocz\u0105tek maja, a wraz z nim Dzie\u0144 Flagi Rzeczypospolitej Polskiej oraz \u015awi\u0119to Narodowe 3 Maja. <\/span><\/p>\n<div class=\"text_exposed_show\">\n<p style=\"text-align: justify;\"><span style=\"font-family: tahoma, arial, helvetica, sans-serif;\">Niestety, z powodu epidemii koronawirusa nie mo\u017cemy w tym roku wzi\u0105\u0107 udzia\u0142u w tradycyjnych majowych uroczysto\u015bciach szkolnych. Mo\u017cemy jednak wsp\u00f3lnie &#8211; cho\u0107 pozostaj\u0105c w domach &#8211; uczci\u0107 te dwa wa\u017cne \u015bwi\u0119ta narodowe, od\u015bpiewa\u0107 hymn pa\u0144stwowy, przypomnie\u0107 sobie histori\u0119 naszego kraju.<\/span><\/p>\n<p style=\"text-align: justify;\"><span style=\"font-family: tahoma, arial, helvetica, sans-serif;\">Uczniowie naszej szko\u0142y s\u0105 doskonale przygotowani na \u015bwi\u0119towanie. <\/span><br \/>\n<span style=\"font-family: tahoma, arial, helvetica, sans-serif;\">Ich patriotyczna postawa napawa nas dum\u0105.<\/span><\/p>\n<p style=\"text-align: justify;\"><span style=\"font-family: tahoma, arial, helvetica, sans-serif;\">Dzi\u0119kujemy za udzia\u0142 w naszej akcji i wszystkie nades\u0142ane zdj\u0119cia! \u017byczymy mi\u0142ego odbioru! Koniecznie w\u0142\u0105czcie d\u017awi\u0119k. <span class=\"_47e3 _5mfr\" title=\"Emotikon smile\"><img loading=\"lazy\" decoding=\"async\" class=\"img\" role=\"presentation\" src=\"https:\/\/static.xx.fbcdn.net\/images\/emoji.php\/v9\/ta5\/1.5\/16\/1f642.png\" alt=\"\" width=\"16\" height=\"16\" \/><span class=\"_7oe\" aria-hidden=\"true\">\ud83d\ude42<\/span><\/span><\/span><\/p>\n<p style=\"text-align: justify;\"><span style=\"font-family: tahoma, arial, helvetica, sans-serif;\">Maria Sobota, Ewa \u015alipko<\/span><\/p>\n<p>&nbsp;<\/p>\n<\/div>\n<p><iframe loading=\"lazy\" src=\"https:\/\/www.youtube.com\/embed\/TMWBw5i66WA\" width=\"560\" height=\"315\" frameborder=\"0\" allowfullscreen=\"allowfullscreen\"><\/iframe><\/p>\n","protected":false},"excerpt":{"rendered":"<p>Zbli\u017ca si\u0119 pocz\u0105tek maja, a wraz z nim Dzie\u0144 Flagi Rzeczypospolitej Polskiej oraz \u015awi\u0119to Narodowe 3 Maja. Niestety, z powodu epidemii koronawirusa nie mo\u017cemy w tym roku wzi\u0105\u0107 udzia\u0142u w tradycyjnych majowych uroczysto\u015bciach szkolnych. Mo\u017cemy jednak wsp\u00f3lnie &#8211; cho\u0107 pozostaj\u0105c w domach &#8211; uczci\u0107 te dwa wa\u017cne \u015bwi\u0119ta narodowe, od\u015bpiewa\u0107 hymn pa\u0144stwowy, przypomnie\u0107 sobie histori\u0119 [&hellip;]<\/p>\n","protected":false},"author":2,"featured_media":0,"comment_status":"closed","ping_status":"closed","sticky":false,"template":"","format":"standard","meta":{"footnotes":""},"categories":[29],"tags":[],"class_list":["post-4898","post","type-post","status-publish","format-standard","hentry","category-zdalne-nauczanie"],"_links":{"self":[{"href":"https:\/\/www.sp1wschowa.pl\/index.php?rest_route=\/wp\/v2\/posts\/4898","targetHints":{"allow":["GET"]}}],"collection":[{"href":"https:\/\/www.sp1wschowa.pl\/index.php?rest_route=\/wp\/v2\/posts"}],"about":[{"href":"https:\/\/www.sp1wschowa.pl\/index.php?rest_route=\/wp\/v2\/types\/post"}],"author":[{"embeddable":true,"href":"https:\/\/www.sp1wschowa.pl\/index.php?rest_route=\/wp\/v2\/users\/2"}],"replies":[{"embeddable":true,"href":"https:\/\/www.sp1wschowa.pl\/index.php?rest_route=%2Fwp%2Fv2%2Fcomments&post=4898"}],"version-history":[{"count":8,"href":"https:\/\/www.sp1wschowa.pl\/index.php?rest_route=\/wp\/v2\/posts\/4898\/revisions"}],"predecessor-version":[{"id":4906,"href":"https:\/\/www.sp1wschowa.pl\/index.php?rest_route=\/wp\/v2\/posts\/4898\/revisions\/4906"}],"wp:attachment":[{"href":"https:\/\/www.sp1wschowa.pl\/index.php?rest_route=%2Fwp%2Fv2%2Fmedia&parent=4898"}],"wp:term":[{"taxonomy":"category","embeddable":true,"href":"https:\/\/www.sp1wschowa.pl\/index.php?rest_route=%2Fwp%2Fv2%2Fcategories&post=4898"},{"taxonomy":"post_tag","embeddable":true,"href":"https:\/\/www.sp1wschowa.pl\/index.php?rest_route=%2Fwp%2Fv2%2Ftags&post=4898"}],"curies":[{"name":"wp","href":"https:\/\/api.w.org\/{rel}","templated":true}]}}