{"id":4789,"date":"2020-04-20T12:44:00","date_gmt":"2020-04-20T10:44:00","guid":{"rendered":"http:\/\/www.sp1wschowa.pl\/?p=4789"},"modified":"2020-04-20T14:11:54","modified_gmt":"2020-04-20T12:11:54","slug":"konkurs-poezji-i-piosenki-patriotycznej","status":"publish","type":"post","link":"https:\/\/www.sp1wschowa.pl\/?p=4789","title":{"rendered":"Konkurs Poezji i Piosenki Patriotycznej."},"content":{"rendered":"<p style=\"text-align: justify;\"><span id=\"fbPhotoSnowliftCaption\" class=\"fbPhotosPhotoCaption\" style=\"font-family: tahoma, arial, helvetica, sans-serif;\" tabindex=\"0\" aria-live=\"polite\" data-ft=\"{&quot;tn&quot;:&quot;K&quot;}\"><span class=\"hasCaption\"><img loading=\"lazy\" decoding=\"async\" class=\" wp-image-4791 alignleft\" src=\"http:\/\/www.sp1wschowa.pl\/wp-content\/uploads\/2020\/04\/93878691_2282736332023195_5172474121535094784_o-300x171.jpg\" alt=\"\" width=\"311\" height=\"177\" srcset=\"https:\/\/www.sp1wschowa.pl\/wp-content\/uploads\/2020\/04\/93878691_2282736332023195_5172474121535094784_o-300x171.jpg 300w, https:\/\/www.sp1wschowa.pl\/wp-content\/uploads\/2020\/04\/93878691_2282736332023195_5172474121535094784_o-768x437.jpg 768w, https:\/\/www.sp1wschowa.pl\/wp-content\/uploads\/2020\/04\/93878691_2282736332023195_5172474121535094784_o.jpg 1024w\" sizes=\"auto, (max-width: 311px) 100vw, 311px\" \/>Na pocz\u0105tku marca zosta\u0142 og\u0142oszony w naszej szkole KONKURS POEZJI I PIOSENKI PATRIOTYCZNEJ.<span class=\"_5mfr\"><span class=\"_6qdm\">??<\/span><\/span><span class=\"_5mfr\"><span class=\"_6qdm\">??<\/span><\/span><span class=\"_5mfr\"><span class=\"_6qdm\">??<\/span><\/span><br \/>\nZwa\u017cywszy na zaistnia\u0142e okoliczno\u015bci i fakt, \u017ce lekcje prowadzone s\u0105 zdalnie, r\u00f3wnie\u017c konkurs zostaje przeniesiony do sieci. Konkurs ma na celu kszta\u0142towanie postawy patriotycznej i obejmuje nast\u0119puj\u0105ce kategorie:<br \/>\n&#8211; recytacja,<span class=\"text_exposed_show\"><br \/>\n&#8211; \u015bpiew,<br \/>\n&#8211; gra na instrumencie.<br \/>\nW konkursie mog\u0105 wzi\u0105\u0107 udzia\u0142 wszyscy ch\u0119tni uczniowie z klas IV-VIII, kt\u00f3rzy do 30.04.2020 r. przy\u015bl\u0105 nagranie wybranego przez siebie utworu patriotycznego (w formie kr\u00f3tkiego filmiku) na adres: konkurs.patriotyczny.sp1@g<wbr \/>mail.com<br \/>\nNades\u0142anie nagrania oznacza ch\u0119\u0107 udzia\u0142u w konkursie oraz zgod\u0119 na udost\u0119pnienie filmiku na szkolnym facebooku i stronie internetowej szko\u0142y.<br \/>\nZach\u0119camy do udzia\u0142u w konkursie!<br \/>\nZesp\u00f3\u0142 Przedmiot\u00f3w Humanistycznych<\/span><\/span><\/span><\/p>\n<p><span style=\"font-family: tahoma, arial, helvetica, sans-serif;\">Hania Ju\u015bkiewicz z klasy VB\u00a0 przepi\u0119knie za\u015bpiewa\u0142a piosenk\u0119 &#8222;Dziewczyna z granatem w r\u0119ce&#8221;. Gratulujemy odwagi i talentu!<\/span><\/p>\n<p><iframe loading=\"lazy\" src=\"https:\/\/www.youtube.com\/embed\/d4eBy8TlB7k\" width=\"360\" height=\"245\" frameborder=\"0\" allowfullscreen=\"allowfullscreen\"><\/iframe><\/p>\n<p><span style=\"font-family: tahoma, arial, helvetica, sans-serif;\">\u00a0 <\/span><\/p>\n<p><span style=\"font-family: tahoma, arial, helvetica, sans-serif;\">Czekamy na kolejne wykonana!<\/span><\/p>\n","protected":false},"excerpt":{"rendered":"<p>Na pocz\u0105tku marca zosta\u0142 og\u0142oszony w naszej szkole KONKURS POEZJI I PIOSENKI PATRIOTYCZNEJ.?????? Zwa\u017cywszy na zaistnia\u0142e okoliczno\u015bci i fakt, \u017ce lekcje prowadzone s\u0105 zdalnie, r\u00f3wnie\u017c konkurs zostaje przeniesiony do sieci. Konkurs ma na celu kszta\u0142towanie postawy patriotycznej i obejmuje nast\u0119puj\u0105ce kategorie: &#8211; recytacja, &#8211; \u015bpiew, &#8211; gra na instrumencie. W konkursie mog\u0105 wzi\u0105\u0107 udzia\u0142 wszyscy [&hellip;]<\/p>\n","protected":false},"author":1,"featured_media":0,"comment_status":"closed","ping_status":"closed","sticky":false,"template":"","format":"standard","meta":{"footnotes":""},"categories":[29],"tags":[],"class_list":["post-4789","post","type-post","status-publish","format-standard","hentry","category-zdalne-nauczanie"],"_links":{"self":[{"href":"https:\/\/www.sp1wschowa.pl\/index.php?rest_route=\/wp\/v2\/posts\/4789","targetHints":{"allow":["GET"]}}],"collection":[{"href":"https:\/\/www.sp1wschowa.pl\/index.php?rest_route=\/wp\/v2\/posts"}],"about":[{"href":"https:\/\/www.sp1wschowa.pl\/index.php?rest_route=\/wp\/v2\/types\/post"}],"author":[{"embeddable":true,"href":"https:\/\/www.sp1wschowa.pl\/index.php?rest_route=\/wp\/v2\/users\/1"}],"replies":[{"embeddable":true,"href":"https:\/\/www.sp1wschowa.pl\/index.php?rest_route=%2Fwp%2Fv2%2Fcomments&post=4789"}],"version-history":[{"count":12,"href":"https:\/\/www.sp1wschowa.pl\/index.php?rest_route=\/wp\/v2\/posts\/4789\/revisions"}],"predecessor-version":[{"id":4802,"href":"https:\/\/www.sp1wschowa.pl\/index.php?rest_route=\/wp\/v2\/posts\/4789\/revisions\/4802"}],"wp:attachment":[{"href":"https:\/\/www.sp1wschowa.pl\/index.php?rest_route=%2Fwp%2Fv2%2Fmedia&parent=4789"}],"wp:term":[{"taxonomy":"category","embeddable":true,"href":"https:\/\/www.sp1wschowa.pl\/index.php?rest_route=%2Fwp%2Fv2%2Fcategories&post=4789"},{"taxonomy":"post_tag","embeddable":true,"href":"https:\/\/www.sp1wschowa.pl\/index.php?rest_route=%2Fwp%2Fv2%2Ftags&post=4789"}],"curies":[{"name":"wp","href":"https:\/\/api.w.org\/{rel}","templated":true}]}}