{"id":2775,"date":"2019-10-22T14:47:29","date_gmt":"2019-10-22T12:47:29","guid":{"rendered":"http:\/\/www.sp1wschowa.pl\/?p=2775"},"modified":"2019-10-22T20:21:28","modified_gmt":"2019-10-22T18:21:28","slug":"nagroda-kuratora-oswiaty-dla-pana-dyrektora-macieja-grabianowskiego","status":"publish","type":"post","link":"https:\/\/www.sp1wschowa.pl\/?p=2775","title":{"rendered":"Nagroda Kuratora O\u015bwiaty dla pana Dyrektora Macieja Grabianowskiego"},"content":{"rendered":"<p style=\"text-align: justify;\"><span style=\"font-family: tahoma, arial, helvetica, sans-serif;\">14 pa\u017adziernika, w wojew\u00f3dzkich uroczysto\u015bciach z okazji Dnia Edukacji Narodowej w Gorzowie Wielkopolskim, nasz dyrektor pan Maciej Grabianowski z r\u0105k Lubuskiej Kurator pani Ewy Rawy, odebra\u0142 nagrod\u0119 \u2013 wyr\u00f3\u017cnienie za zas\u0142ugi i osi\u0105gni\u0119cia w pracy dydaktyczno-wychowawczej. Nagroda ta, jak powiedzia\u0142 dyrektor, jest wa\u017cnym wyr\u00f3\u017cnieniem podsumowuj\u0105cym 7 lat pracy na tym stanowisku. Dlatego stwierdzi\u0142, \u017ce nie traktuje jej wy\u0142\u0105cznie jako osobistego wyr\u00f3\u017cnienia swojej pracy, ale jako nagrod\u0119 zespo\u0142ow\u0105, kt\u00f3r\u0105 dedykuje wszystkim pracownikom szko\u0142y. Dzi\u0119kujemy panu dyrektorowi za ciep\u0142e s\u0142owa i gratulujemy nagrody.<!-- Final Tiles Grid Gallery for WordPress v3.6.13 free --><style>#ftg-102102 .tile .icon { color:#ffffff; }#ftg-102102 .ftg-items .loading-bar i { background:#666; }#ftg-102102 .ftg-items .loading-bar { background:#fff; }#ftg-102102 .tile .icon { font-size:12px; }#ftg-102102 .tile .icon { margin: -6px 0 0 -6px; }#ftg-102102 .tile .caption-block .text-wrapper span.text { font-size:12px; }#ftg-102102 .tile .caption-outside .text-wrapper span.text { font-size:12px; }#ftg-102102 .tile .caption-block .text-wrapper span.title { font-size:14px; }#ftg-102102 .tile .caption-outside .text-wrapper span.title { font-size:14px; }#ftg-102102 .tile { background-color: transparent; }#ftg-102102 .tile .caption-block .text-wrapper span.text { color: #ffffff; }#ftg-102102 .tile .caption-block .text-wrapper span.title { color: #ffffff; }#ftg-102102 .tile .caption-outside .text-wrapper span.text { color: #ffffff; }#ftg-102102 .tile .caption-outside .text-wrapper span.title { color: #ffffff; }#ftg-102102 .tile .ftg-social a { color: #ffffff; }#ftg-102102 .tile .caption-block { transition-duration:0.25s; }#ftg-102102 .tile .tile-inner:before { background-color: #000000; }#ftg-102102 .tile .tile-inner:before { background-color: rgba(0, 0, 0, 0.8); }#ftg-102102 .tile:hover img {-moz-transform: ;-webkit-transform: ;-o-transform: ;-ms-transform: ;transform: ;}<\/style><a name=\"102\"><\/a><div class=\"final-tiles-gallery  ftg-hover-enabled caption-inside  caption-none caption-middle caption-center\" id=\"ftg-102102\" style=\"width: 100%\"><div class='ftg-items'><div class='loading-bar'><i><\/i><\/div><div  class='tile ftg-preload  '><a title=\"nko1\" data-lightbox='ftg-102102' rel='ftg-102102'  class=' tile-inner  ftg-lightbox' href='https:\/\/www.sp1wschowa.pl\/wp-content\/uploads\/2019\/10\/nko1-768x1024.jpg' ><img alt='nko1' class='item skip-lazy' data-class='item' data-ftg-source='http:\/\/www.sp1wschowa.pl\/wp-content\/uploads\/2019\/10\/nko1-150x150.jpg' src='http:\/\/www.sp1wschowa.pl\/wp-content\/uploads\/2019\/10\/nko1-150x150.jpg' width='768' height='1024' \/><div class='caption-block'><div class='text-wrapper'><span class='title'>nko1<\/span><\/div><\/div><\/a><div class='ftg-social'><\/div><\/div><div  class='tile ftg-preload  '><a title=\"nko2\" data-lightbox='ftg-102102' rel='ftg-102102'  class=' tile-inner  ftg-lightbox' href='https:\/\/www.sp1wschowa.pl\/wp-content\/uploads\/2019\/10\/nko2-1024x768.jpg' ><img alt='nko2' class='item skip-lazy' data-class='item' data-ftg-source='http:\/\/www.sp1wschowa.pl\/wp-content\/uploads\/2019\/10\/nko2-150x150.jpg' src='http:\/\/www.sp1wschowa.pl\/wp-content\/uploads\/2019\/10\/nko2-150x150.jpg' width='1024' height='768' \/><div class='caption-block'><div class='text-wrapper'><span class='title'>nko2<\/span><\/div><\/div><\/a><div class='ftg-social'><\/div><\/div><\/div><\/div><\/span><\/p>\n","protected":false},"excerpt":{"rendered":"<p>14 pa\u017adziernika, w wojew\u00f3dzkich uroczysto\u015bciach z okazji Dnia Edukacji Narodowej w Gorzowie Wielkopolskim, nasz dyrektor pan Maciej Grabianowski z r\u0105k Lubuskiej Kurator pani Ewy Rawy, odebra\u0142 nagrod\u0119 \u2013 wyr\u00f3\u017cnienie za zas\u0142ugi i osi\u0105gni\u0119cia w pracy dydaktyczno-wychowawczej. Nagroda ta, jak powiedzia\u0142 dyrektor, jest wa\u017cnym wyr\u00f3\u017cnieniem podsumowuj\u0105cym 7 lat pracy na tym stanowisku. Dlatego stwierdzi\u0142, \u017ce nie [&hellip;]<\/p>\n","protected":false},"author":1,"featured_media":0,"comment_status":"closed","ping_status":"closed","sticky":false,"template":"","format":"standard","meta":{"footnotes":""},"categories":[22],"tags":[],"class_list":["post-2775","post","type-post","status-publish","format-standard","hentry","category-wydarzenia-2019-2020"],"_links":{"self":[{"href":"https:\/\/www.sp1wschowa.pl\/index.php?rest_route=\/wp\/v2\/posts\/2775","targetHints":{"allow":["GET"]}}],"collection":[{"href":"https:\/\/www.sp1wschowa.pl\/index.php?rest_route=\/wp\/v2\/posts"}],"about":[{"href":"https:\/\/www.sp1wschowa.pl\/index.php?rest_route=\/wp\/v2\/types\/post"}],"author":[{"embeddable":true,"href":"https:\/\/www.sp1wschowa.pl\/index.php?rest_route=\/wp\/v2\/users\/1"}],"replies":[{"embeddable":true,"href":"https:\/\/www.sp1wschowa.pl\/index.php?rest_route=%2Fwp%2Fv2%2Fcomments&post=2775"}],"version-history":[{"count":2,"href":"https:\/\/www.sp1wschowa.pl\/index.php?rest_route=\/wp\/v2\/posts\/2775\/revisions"}],"predecessor-version":[{"id":2779,"href":"https:\/\/www.sp1wschowa.pl\/index.php?rest_route=\/wp\/v2\/posts\/2775\/revisions\/2779"}],"wp:attachment":[{"href":"https:\/\/www.sp1wschowa.pl\/index.php?rest_route=%2Fwp%2Fv2%2Fmedia&parent=2775"}],"wp:term":[{"taxonomy":"category","embeddable":true,"href":"https:\/\/www.sp1wschowa.pl\/index.php?rest_route=%2Fwp%2Fv2%2Fcategories&post=2775"},{"taxonomy":"post_tag","embeddable":true,"href":"https:\/\/www.sp1wschowa.pl\/index.php?rest_route=%2Fwp%2Fv2%2Ftags&post=2775"}],"curies":[{"name":"wp","href":"https:\/\/api.w.org\/{rel}","templated":true}]}}