{"id":2394,"date":"2019-09-30T15:34:43","date_gmt":"2019-09-30T13:34:43","guid":{"rendered":"http:\/\/www.sp1wschowa.pl\/?p=2394"},"modified":"2019-09-30T15:36:15","modified_gmt":"2019-09-30T13:36:15","slug":"certyfikat-dla-szkoly","status":"publish","type":"post","link":"https:\/\/www.sp1wschowa.pl\/?p=2394","title":{"rendered":"Certyfikat dla szko\u0142y"},"content":{"rendered":"<p><span style=\"font-family: tahoma, arial, helvetica, sans-serif;\">Nasza szko\u0142a otrzyma\u0142a certyfikat, kt\u00f3ry jest efektem wsp\u00f3\u0142pracy z programem Dobrze Jemy ze Szko\u0142\u0105 na Widelcu. Jest to program skierowany g\u0142\u00f3wnie do uczni\u00f3w klas I-III. Ma charakter projektu d\u0142ugofalowego, kt\u00f3rego celem jest edukacja w zakresie prawid\u0142owego i \u015bwiadomego \u017cywienia oraz zach\u0119canie najm\u0142odszych do gotowania. Program zosta\u0142 przygotowany we wsp\u00f3\u0142pracy z dietetykami, pedagogami i jest obj\u0119ty patronatem Ministerstwa Zdrowia, Ministerstwa Edukacji Narodowej, Instytutu \u017bywno\u015bci i \u017bywienia, Polskiego Stowarzyszenia Dietetyk\u00f3w oraz Rzecznika Prawa Dziecka.<br \/>\nW roku szkolnym 2019\/2020 program nadal b\u0119dzie realizowany w \u015bwietlicy szkolnej. <!-- Final Tiles Grid Gallery for WordPress v3.6.13 free --><style>#ftg-8484 .tile .icon { color:#ffffff; }#ftg-8484 .ftg-items .loading-bar i { background:#666; }#ftg-8484 .ftg-items .loading-bar { background:#fff; }#ftg-8484 .tile .icon { font-size:12px; }#ftg-8484 .tile .icon { margin: -6px 0 0 -6px; }#ftg-8484 .tile .caption-block .text-wrapper span.text { font-size:12px; }#ftg-8484 .tile .caption-outside .text-wrapper span.text { font-size:12px; }#ftg-8484 .tile .caption-block .text-wrapper span.title { font-size:14px; }#ftg-8484 .tile .caption-outside .text-wrapper span.title { font-size:14px; }#ftg-8484 .tile { background-color: transparent; }#ftg-8484 .tile .caption-block .text-wrapper span.text { color: #ffffff; }#ftg-8484 .tile .caption-block .text-wrapper span.title { color: #ffffff; }#ftg-8484 .tile .caption-outside .text-wrapper span.text { color: #ffffff; }#ftg-8484 .tile .caption-outside .text-wrapper span.title { color: #ffffff; }#ftg-8484 .tile .ftg-social a { color: #ffffff; }#ftg-8484 .tile .caption-block { transition-timing-function:linear; }#ftg-8484 .tile .caption-block { transition-duration:0.25s; }#ftg-8484 .tile .tile-inner:before { background-color: #000000; }#ftg-8484 .tile .tile-inner:before { background-color: rgba(0, 0, 0, 0.8); }<\/style><a name=\"84\"><\/a><div class=\"final-tiles-gallery  ftg-hover-enabled caption-inside  caption-none caption-middle caption-center\" id=\"ftg-8484\" style=\"width: 100%\"><div class='ftg-items'><div class='loading-bar'><i><\/i><\/div><div  class='tile ftg-preload  '><a title=\"DSC_1229_cr\" data-lightbox='ftg-8484' rel='ftg-8484'  class=' tile-inner  ftg-lightbox' href='https:\/\/www.sp1wschowa.pl\/wp-content\/uploads\/2019\/09\/DSC_1229_cr-776x1024.jpg' ><img alt='DSC_1229_cr' class='item skip-lazy' data-class='item' data-ftg-source='http:\/\/www.sp1wschowa.pl\/wp-content\/uploads\/2019\/09\/DSC_1229_cr-776x1024.jpg' src='http:\/\/www.sp1wschowa.pl\/wp-content\/uploads\/2019\/09\/DSC_1229_cr-776x1024.jpg' width='971' height='1281' \/><span class='icon fa fa-zoom'><\/span><div class='caption-block'><div class='text-wrapper'><span class='title'>DSC_1229_cr<\/span><\/div><\/div><\/a><div class='ftg-social'><\/div><\/div><\/div><\/div>\n<\/span><\/p>\n","protected":false},"excerpt":{"rendered":"<p>Nasza szko\u0142a otrzyma\u0142a certyfikat, kt\u00f3ry jest efektem wsp\u00f3\u0142pracy z programem Dobrze Jemy ze Szko\u0142\u0105 na Widelcu. Jest to program skierowany g\u0142\u00f3wnie do uczni\u00f3w klas I-III. Ma charakter projektu d\u0142ugofalowego, kt\u00f3rego celem jest edukacja w zakresie prawid\u0142owego i \u015bwiadomego \u017cywienia oraz zach\u0119canie najm\u0142odszych do gotowania. Program zosta\u0142 przygotowany we wsp\u00f3\u0142pracy z dietetykami, pedagogami i jest obj\u0119ty [&hellip;]<\/p>\n","protected":false},"author":1,"featured_media":0,"comment_status":"closed","ping_status":"closed","sticky":false,"template":"","format":"standard","meta":{"footnotes":""},"categories":[22],"tags":[],"class_list":["post-2394","post","type-post","status-publish","format-standard","hentry","category-wydarzenia-2019-2020"],"_links":{"self":[{"href":"https:\/\/www.sp1wschowa.pl\/index.php?rest_route=\/wp\/v2\/posts\/2394","targetHints":{"allow":["GET"]}}],"collection":[{"href":"https:\/\/www.sp1wschowa.pl\/index.php?rest_route=\/wp\/v2\/posts"}],"about":[{"href":"https:\/\/www.sp1wschowa.pl\/index.php?rest_route=\/wp\/v2\/types\/post"}],"author":[{"embeddable":true,"href":"https:\/\/www.sp1wschowa.pl\/index.php?rest_route=\/wp\/v2\/users\/1"}],"replies":[{"embeddable":true,"href":"https:\/\/www.sp1wschowa.pl\/index.php?rest_route=%2Fwp%2Fv2%2Fcomments&post=2394"}],"version-history":[{"count":2,"href":"https:\/\/www.sp1wschowa.pl\/index.php?rest_route=\/wp\/v2\/posts\/2394\/revisions"}],"predecessor-version":[{"id":2397,"href":"https:\/\/www.sp1wschowa.pl\/index.php?rest_route=\/wp\/v2\/posts\/2394\/revisions\/2397"}],"wp:attachment":[{"href":"https:\/\/www.sp1wschowa.pl\/index.php?rest_route=%2Fwp%2Fv2%2Fmedia&parent=2394"}],"wp:term":[{"taxonomy":"category","embeddable":true,"href":"https:\/\/www.sp1wschowa.pl\/index.php?rest_route=%2Fwp%2Fv2%2Fcategories&post=2394"},{"taxonomy":"post_tag","embeddable":true,"href":"https:\/\/www.sp1wschowa.pl\/index.php?rest_route=%2Fwp%2Fv2%2Ftags&post=2394"}],"curies":[{"name":"wp","href":"https:\/\/api.w.org\/{rel}","templated":true}]}}