{"id":2053,"date":"2019-09-02T14:09:27","date_gmt":"2019-09-02T12:09:27","guid":{"rendered":"http:\/\/www.sp1wschowa.pl\/?p=2053"},"modified":"2019-09-04T11:11:38","modified_gmt":"2019-09-04T09:11:38","slug":"rozpoczecie-roku-szkolnego-2029-2020","status":"publish","type":"post","link":"https:\/\/www.sp1wschowa.pl\/?p=2053","title":{"rendered":"Rozpocz\u0119cie roku szkolnego 2019\/2020"},"content":{"rendered":"\n<p style=\"text-align: justify;\">2 wrze\u015bnia o godzinie 8.00 uroczystym apelem rozpocz\u0119li\u015bmy kolejny rok szkolny. Dyrektor szko\u0142y Pan Maciej Grabianowski powita\u0142 uczni\u00f3w, rodzic\u00f3w, nauczycieli i pracownik\u00f3w szko\u0142y oraz zaproszonych go\u015bci: dyrektora Biura O\u015bwiaty i Spraw Spo\u0142ecznych Dawida Gierkowskiego, komendanta Stra\u017cy Miejskiej Pana Witolda Skorupi\u0144skiego oraz przedstawiciela Policji funkcjonariusza Pana Arkadiusza Krajewskiego. <br \/>Pani wicedyrektor Wies\u0142awa Mota\u0142a w szczeg\u00f3lny spos\u00f3b przywita\u0142a uczni\u00f3w, nawi\u0105zuj\u0105c do wydarze\u0144 sprzed 80 lat \u2013 wybuchu II wojny \u015bwiatowej, a uczniowie II klasy wyrecytowali z tej okazji wiersze. Pan Dawid Gierkowski odczyta\u0142 oficjalny list od Burmistrza Miasta i Gminy Wschowa pana Konrada Antkowiaka. <br \/>Podczas apelu przypomniane zosta\u0142y nazwiska wychowawc\u00f3w poszczeg\u00f3lnych klas, a Dyrektor szko\u0142y powita\u0142 w naszym gronie nowych nauczycieli: pani\u0105 Justyn\u0119 Bare\u0142kowsk\u0105, pani\u0105 Natali\u0119 Nowak i pani\u0105 Magdalen\u0119 Jura\u015b. <br \/>W trakcie uroczysto\u015bci mia\u0142o miejsce po\u017cegnanie pani Teresy Madr \u2013 naszej szkolnej sekretarki, kt\u00f3ra zako\u0144czy\u0142a swoj\u0105 prac\u0119 i przesz\u0142a na emerytur\u0119. Po odczytaniu \u017cycze\u0144, wr\u0119czeniu kwiat\u00f3w i zako\u0144czeniu przem\u00f3wie\u0144 uczniowie wraz z wychowawcami udali si\u0119 do sal lekcyjnych.<br \/>W nowym roku szkolnym \u017cyczymy uczniom oraz nauczycielom wielu sukces\u00f3w i satysfakcji. <!-- Final Tiles Grid Gallery for WordPress v3.6.13 free --><style>#ftg-7272 .tile .icon { color:#ffffff; }#ftg-7272 .ftg-items .loading-bar i { background:#666; }#ftg-7272 .ftg-items .loading-bar { background:#fff; }#ftg-7272 .tile .icon { font-size:12px; }#ftg-7272 .tile .icon { margin: -6px 0 0 -6px; }#ftg-7272 .tile .caption-block .text-wrapper span.text { font-size:12px; }#ftg-7272 .tile .caption-outside .text-wrapper span.text { font-size:12px; }#ftg-7272 .tile .caption-block .text-wrapper span.title { font-size:14px; }#ftg-7272 .tile .caption-outside .text-wrapper span.title { font-size:14px; }#ftg-7272 .tile { background-color: transparent; }#ftg-7272 .tile .caption-block .text-wrapper span.text { color: #ffffff; }#ftg-7272 .tile .caption-block .text-wrapper span.title { color: #ffffff; }#ftg-7272 .tile .caption-outside .text-wrapper span.text { color: #ffffff; }#ftg-7272 .tile .caption-outside .text-wrapper span.title { color: #ffffff; }#ftg-7272 .tile .ftg-social a { color: #ffffff; }#ftg-7272 .tile .caption-block { transition-duration:0.25s; }#ftg-7272 .tile .tile-inner:before { background-color: #000000; }#ftg-7272 .tile .tile-inner:before { background-color: rgba(0, 0, 0, 0.8); }#ftg-7272 .tile:hover img {-moz-transform: ;-webkit-transform: ;-o-transform: ;-ms-transform: ;transform: ;}<\/style><a name=\"72\"><\/a><div class=\"final-tiles-gallery  ftg-hover-enabled caption-inside  caption-none caption-middle caption-center\" id=\"ftg-7272\" style=\"width: 100%\"><div class='ftg-items'><div class='loading-bar'><i><\/i><\/div><div  class='tile ftg-preload  '><a title=\"2019rr10\" data-lightbox='ftg-7272' rel='ftg-7272'  class=' tile-inner  ftg-lightbox' href='https:\/\/www.sp1wschowa.pl\/wp-content\/uploads\/2019\/09\/2019rr10-1024x578.jpg' ><img alt='2019rr10' class='item skip-lazy' data-class='item' data-ftg-source='http:\/\/www.sp1wschowa.pl\/wp-content\/uploads\/2019\/09\/2019rr10-150x150.jpg' src='http:\/\/www.sp1wschowa.pl\/wp-content\/uploads\/2019\/09\/2019rr10-150x150.jpg' width='1024' height='578' \/><div class='caption-block'><div class='text-wrapper'><span class='title'>2019rr10<\/span><\/div><\/div><\/a><div class='ftg-social'><\/div><\/div><div  class='tile ftg-preload  '><a title=\"2019rr9\" data-lightbox='ftg-7272' rel='ftg-7272'  class=' tile-inner  ftg-lightbox' href='https:\/\/www.sp1wschowa.pl\/wp-content\/uploads\/2019\/09\/2019rr9-1024x578.jpg' ><img alt='2019rr9' class='item skip-lazy' data-class='item' data-ftg-source='http:\/\/www.sp1wschowa.pl\/wp-content\/uploads\/2019\/09\/2019rr9-150x150.jpg' src='http:\/\/www.sp1wschowa.pl\/wp-content\/uploads\/2019\/09\/2019rr9-150x150.jpg' width='1024' height='578' \/><div class='caption-block'><div class='text-wrapper'><span class='title'>2019rr9<\/span><\/div><\/div><\/a><div class='ftg-social'><\/div><\/div><div  class='tile ftg-preload  '><a title=\"2019rr8\" data-lightbox='ftg-7272' rel='ftg-7272'  class=' tile-inner  ftg-lightbox' href='https:\/\/www.sp1wschowa.pl\/wp-content\/uploads\/2019\/09\/2019rr8-1024x578.jpg' ><img alt='2019rr8' class='item skip-lazy' data-class='item' data-ftg-source='http:\/\/www.sp1wschowa.pl\/wp-content\/uploads\/2019\/09\/2019rr8-150x150.jpg' src='http:\/\/www.sp1wschowa.pl\/wp-content\/uploads\/2019\/09\/2019rr8-150x150.jpg' width='1024' height='578' \/><div class='caption-block'><div class='text-wrapper'><span class='title'>2019rr8<\/span><\/div><\/div><\/a><div class='ftg-social'><\/div><\/div><div  class='tile ftg-preload  '><a title=\"2019rr7\" data-lightbox='ftg-7272' rel='ftg-7272'  class=' tile-inner  ftg-lightbox' href='https:\/\/www.sp1wschowa.pl\/wp-content\/uploads\/2019\/09\/2019rr7-1024x578.jpg' ><img alt='2019rr7' class='item skip-lazy' data-class='item' data-ftg-source='http:\/\/www.sp1wschowa.pl\/wp-content\/uploads\/2019\/09\/2019rr7-150x150.jpg' src='http:\/\/www.sp1wschowa.pl\/wp-content\/uploads\/2019\/09\/2019rr7-150x150.jpg' width='1024' height='578' \/><div class='caption-block'><div class='text-wrapper'><span class='title'>2019rr7<\/span><\/div><\/div><\/a><div class='ftg-social'><\/div><\/div><div  class='tile ftg-preload  '><a title=\"2019rr6\" data-lightbox='ftg-7272' rel='ftg-7272'  class=' tile-inner  ftg-lightbox' href='https:\/\/www.sp1wschowa.pl\/wp-content\/uploads\/2019\/09\/2019rr6-1024x578.jpg' ><img alt='2019rr6' class='item skip-lazy' data-class='item' data-ftg-source='http:\/\/www.sp1wschowa.pl\/wp-content\/uploads\/2019\/09\/2019rr6-150x150.jpg' src='http:\/\/www.sp1wschowa.pl\/wp-content\/uploads\/2019\/09\/2019rr6-150x150.jpg' width='1024' height='578' \/><div class='caption-block'><div class='text-wrapper'><span class='title'>2019rr6<\/span><\/div><\/div><\/a><div class='ftg-social'><\/div><\/div><div  class='tile ftg-preload  '><a title=\"2019rr5\" data-lightbox='ftg-7272' rel='ftg-7272'  class=' tile-inner  ftg-lightbox' href='https:\/\/www.sp1wschowa.pl\/wp-content\/uploads\/2019\/09\/2019rr5-1024x578.jpg' ><img alt='2019rr5' class='item skip-lazy' data-class='item' data-ftg-source='http:\/\/www.sp1wschowa.pl\/wp-content\/uploads\/2019\/09\/2019rr5-150x150.jpg' src='http:\/\/www.sp1wschowa.pl\/wp-content\/uploads\/2019\/09\/2019rr5-150x150.jpg' width='1024' height='578' \/><div class='caption-block'><div class='text-wrapper'><span class='title'>2019rr5<\/span><\/div><\/div><\/a><div class='ftg-social'><\/div><\/div><div  class='tile ftg-preload  '><a title=\"2019rr4\" data-lightbox='ftg-7272' rel='ftg-7272'  class=' tile-inner  ftg-lightbox' href='https:\/\/www.sp1wschowa.pl\/wp-content\/uploads\/2019\/09\/2019rr4-1024x578.jpg' ><img alt='2019rr4' class='item skip-lazy' data-class='item' data-ftg-source='http:\/\/www.sp1wschowa.pl\/wp-content\/uploads\/2019\/09\/2019rr4-150x150.jpg' src='http:\/\/www.sp1wschowa.pl\/wp-content\/uploads\/2019\/09\/2019rr4-150x150.jpg' width='1024' height='578' \/><div class='caption-block'><div class='text-wrapper'><span class='title'>2019rr4<\/span><\/div><\/div><\/a><div class='ftg-social'><\/div><\/div><div  class='tile ftg-preload  '><a title=\"2019rr3\" data-lightbox='ftg-7272' rel='ftg-7272'  class=' tile-inner  ftg-lightbox' href='https:\/\/www.sp1wschowa.pl\/wp-content\/uploads\/2019\/09\/2019rr3-1024x578.jpg' ><img alt='2019rr3' class='item skip-lazy' data-class='item' data-ftg-source='http:\/\/www.sp1wschowa.pl\/wp-content\/uploads\/2019\/09\/2019rr3-150x150.jpg' src='http:\/\/www.sp1wschowa.pl\/wp-content\/uploads\/2019\/09\/2019rr3-150x150.jpg' width='1024' height='578' \/><div class='caption-block'><div class='text-wrapper'><span class='title'>2019rr3<\/span><\/div><\/div><\/a><div class='ftg-social'><\/div><\/div><div  class='tile ftg-preload  '><a title=\"2019rr2\" data-lightbox='ftg-7272' rel='ftg-7272'  class=' tile-inner  ftg-lightbox' href='https:\/\/www.sp1wschowa.pl\/wp-content\/uploads\/2019\/09\/2019rr2-1024x578.jpg' ><img alt='2019rr2' class='item skip-lazy' data-class='item' data-ftg-source='http:\/\/www.sp1wschowa.pl\/wp-content\/uploads\/2019\/09\/2019rr2-150x150.jpg' src='http:\/\/www.sp1wschowa.pl\/wp-content\/uploads\/2019\/09\/2019rr2-150x150.jpg' width='1024' height='578' \/><div class='caption-block'><div class='text-wrapper'><span class='title'>2019rr2<\/span><\/div><\/div><\/a><div class='ftg-social'><\/div><\/div><div  class='tile ftg-preload  '><a title=\"2019rr1\" data-lightbox='ftg-7272' rel='ftg-7272'  class=' tile-inner  ftg-lightbox' href='https:\/\/www.sp1wschowa.pl\/wp-content\/uploads\/2019\/09\/2019rr1-1024x578.jpg' ><img alt='2019rr1' class='item skip-lazy' data-class='item' data-ftg-source='http:\/\/www.sp1wschowa.pl\/wp-content\/uploads\/2019\/09\/2019rr1-150x150.jpg' src='http:\/\/www.sp1wschowa.pl\/wp-content\/uploads\/2019\/09\/2019rr1-150x150.jpg' width='1024' height='578' \/><div class='caption-block'><div class='text-wrapper'><span class='title'>2019rr1<\/span><\/div><\/div><\/a><div class='ftg-social'><\/div><\/div><\/div><\/div>\n","protected":false},"excerpt":{"rendered":"<p>2 wrze\u015bnia o godzinie 8.00 uroczystym apelem rozpocz\u0119li\u015bmy kolejny rok szkolny. Dyrektor szko\u0142y Pan Maciej Grabianowski powita\u0142 uczni\u00f3w, rodzic\u00f3w, nauczycieli i pracownik\u00f3w szko\u0142y oraz zaproszonych go\u015bci: dyrektora Biura O\u015bwiaty i Spraw Spo\u0142ecznych Dawida Gierkowskiego, komendanta Stra\u017cy Miejskiej Pana Witolda Skorupi\u0144skiego oraz przedstawiciela Policji funkcjonariusza Pana Arkadiusza Krajewskiego. Pani wicedyrektor Wies\u0142awa Mota\u0142a w szczeg\u00f3lny spos\u00f3b przywita\u0142a [&hellip;]<\/p>\n","protected":false},"author":1,"featured_media":0,"comment_status":"closed","ping_status":"closed","sticky":false,"template":"","format":"standard","meta":{"footnotes":""},"categories":[22],"tags":[],"class_list":["post-2053","post","type-post","status-publish","format-standard","hentry","category-wydarzenia-2019-2020"],"_links":{"self":[{"href":"https:\/\/www.sp1wschowa.pl\/index.php?rest_route=\/wp\/v2\/posts\/2053","targetHints":{"allow":["GET"]}}],"collection":[{"href":"https:\/\/www.sp1wschowa.pl\/index.php?rest_route=\/wp\/v2\/posts"}],"about":[{"href":"https:\/\/www.sp1wschowa.pl\/index.php?rest_route=\/wp\/v2\/types\/post"}],"author":[{"embeddable":true,"href":"https:\/\/www.sp1wschowa.pl\/index.php?rest_route=\/wp\/v2\/users\/1"}],"replies":[{"embeddable":true,"href":"https:\/\/www.sp1wschowa.pl\/index.php?rest_route=%2Fwp%2Fv2%2Fcomments&post=2053"}],"version-history":[{"count":3,"href":"https:\/\/www.sp1wschowa.pl\/index.php?rest_route=\/wp\/v2\/posts\/2053\/revisions"}],"predecessor-version":[{"id":2066,"href":"https:\/\/www.sp1wschowa.pl\/index.php?rest_route=\/wp\/v2\/posts\/2053\/revisions\/2066"}],"wp:attachment":[{"href":"https:\/\/www.sp1wschowa.pl\/index.php?rest_route=%2Fwp%2Fv2%2Fmedia&parent=2053"}],"wp:term":[{"taxonomy":"category","embeddable":true,"href":"https:\/\/www.sp1wschowa.pl\/index.php?rest_route=%2Fwp%2Fv2%2Fcategories&post=2053"},{"taxonomy":"post_tag","embeddable":true,"href":"https:\/\/www.sp1wschowa.pl\/index.php?rest_route=%2Fwp%2Fv2%2Ftags&post=2053"}],"curies":[{"name":"wp","href":"https:\/\/api.w.org\/{rel}","templated":true}]}}